{"id":909,"date":"2011-01-30T08:43:11","date_gmt":"2011-01-30T08:43:11","guid":{"rendered":"http:\/\/www.djk-wenighoesbach.de\/?p=909"},"modified":"2011-01-30T08:43:11","modified_gmt":"2011-01-30T08:43:11","slug":"karl-informiert-abgange-und-neuzugange-2","status":"publish","type":"post","link":"https:\/\/www.djk-wenighoesbach.de\/?p=909","title":{"rendered":"Karl informiert: Abg\u00e4nge und Neuzug\u00e4nge"},"content":{"rendered":"<div>\n<div><span style=\"font-family: Arial; font-size: x-small;\">Elvis Ahmedovic wechselt mit sofortiger Wirkung von SV D\u00f6rnsteinbach nach DJK Wenigh\u00f6sbach.<\/span><\/div>\n<div><span style=\"font-family: Arial; font-size: x-small;\">Elvis spielte in den vergangenen Jahren beim FC S\u00fcdring wo er im Jahr 2010 nach D\u00f6rnsteinbach wechselte.<\/span><\/div>\n<div><span style=\"font-family: Arial; font-size: x-small;\">Als technisch gelernter St\u00fcrmer soll er unserer Jungen Mannschaft denn n\u00f6tigen Schwung geben, mit seiner<\/span><\/div>\n<div><span style=\"font-family: Arial; font-size: x-small;\">Erfahrung aus vielen Jahren, der Mannschaft zur Seite im Abstiegskampf zu stehen.<\/span><\/div>\n<div><span style=\"font-family: Arial;\"><span style=\"font-size: xx-small;\"><span style=\"font-size: xx-small;\"><br \/>\n<\/span><\/span><\/span><\/div>\n<\/div>\n<div><span style=\"font-family: Arial; font-size: x-small;\">Bergmann Ingo, Reuter Tobias und Bognoswski Markus wechseln mit sofortiger Wirkung<\/span><\/div>\n<div><span style=\"font-family: Arial; font-size: x-small;\">von Rot- Wei\u00df Daxberg nach Wenigh\u00f6sbach.<\/span><\/div>\n<div><span style=\"font-family: Arial; font-size: x-small;\">Elvis, Ingo, Tobias und Markus wir w\u00fcnschen euch eine verletzungsfreie und erfolgreiche Zeit in unserem Verein.<\/p>\n<div><span style=\"font-family: Arial; font-size: x-small;\">Wir freuen uns \u00fcber eueren Wechsel zur DJK und w\u00fcnschen euch eine erfolgreiche Zeit in unserem Verein.<\/span><\/div>\n<div><\/div>\n<div><span style=\"font-family: Arial; font-size: x-small;\">HERZLICH WILLKOMMEN !!!<\/span><\/div>\n<div><span style=\"font-family: Arial; font-size: x-small;\"><br \/>\n<\/span><\/div>\n<p><\/span><\/div>\n<div><span style=\"font-family: Arial; font-size: small;\">Julian Schwarz wechselt in der Winterpause in Richtung FC H\u00f6sbach.<\/span><\/div>\n<div><span style=\"font-family: Arial; font-size: x-small;\">Julian wir w\u00fcnschen Dir alles gute in H\u00f6sbach und vor allem eine Verletzungsfreie Zeit.<\/span><\/div>\n<div><span style=\"font-family: Arial; font-size: x-small;\">Wir bedanken uns f\u00fcr Deinen Einsatz im Trikot der DJK Wenigh\u00f6sbach und hei\u00dfen dich <\/span><span style=\"font-family: Arial; font-size: small;\">zuk\u00fcnftig jederzeit Willkommen in Wenigh\u00f6sbach !!!<\/span><\/div>\n","protected":false},"excerpt":{"rendered":"<p>Elvis Ahmedovic wechselt mit sofortiger Wirkung von SV D\u00f6rnsteinbach nach DJK Wenigh\u00f6sbach. Elvis spielte in den vergangenen Jahren beim FC S\u00fcdring wo er im Jahr 2010 nach D\u00f6rnsteinbach wechselte. Als technisch gelernter St\u00fcrmer soll er unserer Jungen Mannschaft denn n\u00f6tigen Schwung geben, mit seiner Erfahrung aus vielen Jahren, der Mannschaft zur Seite im Abstiegskampf zu [&hellip;]<\/p>\n","protected":false},"author":1,"featured_media":0,"comment_status":"open","ping_status":"open","sticky":false,"template":"","format":"standard","meta":{"jetpack_post_was_ever_published":false,"_jetpack_newsletter_access":"","_jetpack_dont_email_post_to_subs":false,"_jetpack_newsletter_tier_id":0,"_jetpack_memberships_contains_paywalled_content":false,"footnotes":"","_jetpack_memberships_contains_paid_content":false,"jetpack_publicize_message":"","jetpack_publicize_feature_enabled":true,"jetpack_social_post_already_shared":false,"jetpack_social_options":{"image_generator_settings":{"template":"highway","enabled":false},"version":2}},"categories":[3],"tags":[],"jetpack_publicize_connections":[],"jetpack_featured_media_url":"","jetpack_sharing_enabled":true,"jetpack_shortlink":"https:\/\/wp.me\/p6OzWC-eF","jetpack-related-posts":[],"jetpack_likes_enabled":true,"_links":{"self":[{"href":"https:\/\/www.djk-wenighoesbach.de\/index.php?rest_route=\/wp\/v2\/posts\/909"}],"collection":[{"href":"https:\/\/www.djk-wenighoesbach.de\/index.php?rest_route=\/wp\/v2\/posts"}],"about":[{"href":"https:\/\/www.djk-wenighoesbach.de\/index.php?rest_route=\/wp\/v2\/types\/post"}],"author":[{"embeddable":true,"href":"https:\/\/www.djk-wenighoesbach.de\/index.php?rest_route=\/wp\/v2\/users\/1"}],"replies":[{"embeddable":true,"href":"https:\/\/www.djk-wenighoesbach.de\/index.php?rest_route=%2Fwp%2Fv2%2Fcomments&post=909"}],"version-history":[{"count":1,"href":"https:\/\/www.djk-wenighoesbach.de\/index.php?rest_route=\/wp\/v2\/posts\/909\/revisions"}],"predecessor-version":[{"id":910,"href":"https:\/\/www.djk-wenighoesbach.de\/index.php?rest_route=\/wp\/v2\/posts\/909\/revisions\/910"}],"wp:attachment":[{"href":"https:\/\/www.djk-wenighoesbach.de\/index.php?rest_route=%2Fwp%2Fv2%2Fmedia&parent=909"}],"wp:term":[{"taxonomy":"category","embeddable":true,"href":"https:\/\/www.djk-wenighoesbach.de\/index.php?rest_route=%2Fwp%2Fv2%2Fcategories&post=909"},{"taxonomy":"post_tag","embeddable":true,"href":"https:\/\/www.djk-wenighoesbach.de\/index.php?rest_route=%2Fwp%2Fv2%2Ftags&post=909"}],"curies":[{"name":"wp","href":"https:\/\/api.w.org\/{rel}","templated":true}]}}