{"id":867,"date":"2010-12-29T07:28:09","date_gmt":"2010-12-29T07:28:09","guid":{"rendered":"http:\/\/www.djk-wenighoesbach.de\/?p=867"},"modified":"2010-12-29T07:28:48","modified_gmt":"2010-12-29T07:28:48","slug":"karl-informiert-abgange-und-neuzugange","status":"publish","type":"post","link":"https:\/\/www.djk-wenighoesbach.de\/?p=867","title":{"rendered":"Karl informiert: Abg\u00e4nge und Neuzug\u00e4nge"},"content":{"rendered":"<p><strong>2 Neuzug\u00e4nge in der Winterpause:<\/strong><\/p>\n<p><em>Angelo Di Cara und Timo Reinfurt<\/em> wechseln mit sofortiger Wirkung<br \/>\nvom FC S\u00fcdring Aschaffenburg zur DJK Wenigh\u00f6sbach.<\/p>\n<p>Die DJK Wenigh\u00f6sbach kann nach l\u00e4ngeren Verhandlungen nun<br \/>\nendlich 2 Neuzug\u00e4nge verk\u00fcnden.<br \/>\nAngelo Di Cara wurde als neuer Spielertrainer f\u00fcr das Spieljahr 2011\/12 verpflichtet.<br \/>\nAls Spieler bei Alemania Haibach ,Viktoria Aschaffenburg, TUS Leider wechselte er<br \/>\nzum FC S\u00fcdring als Spielertrainer nach Wenigh\u00f6sbach.<br \/>\n&quot; Wir freuen uns dass es zu dieser positiven Einigung gekommen ist &quot;<br \/>\nAngelo Di Cara hat unser vollstes Vertrauen und wir sind sicher, dass er unsere<br \/>\n1. und 2. Mannschaft voranbringen wird.<\/p>\n<p>Timo Reinfurt spielte zuletzt f\u00fcr Germania Dettingen, TUS Leider, und FC S\u00fcdring.<br \/>\nAls St\u00fcrmer und Mittelfeldspieler ist er variabel einzetzbar.<br \/>\nTimo wir freuen uns zu Deinem Wechsel nach Wenigh\u00f6sbach.<br \/>\nEuch beiden w\u00fcnschen wir eine Verletzungsfreie und erfolgreiche Zeit in unserem Verein.<\/p>\n<p><strong>Zwei Abg\u00e4nge in der Winterpause:<\/strong><\/p>\n<p><em>Alexander Schwarz und Arifaj Rami<\/em><\/p>\n<p>Alexander Schwarz wechselt in der Winterpause in Richtung FC H\u00f6sbach wo er mit seinem Teamkollege<br \/>\nThomas Sattler die Fu\u00dfballschuhe schn\u00fcrt.<br \/>\nRami Arifaj wechselt mit sofortiger Wirkung von der DJK Wenigh\u00f6sbach zum FC Unterafferbach<br \/>\nAlex und Rami wir w\u00fcnschen Euch alles Gute bei Euren Vereine und vor allem eine verletzungsfreie Zeit.<br \/>\nWir bedanken uns f\u00fcr Eure Eins\u00e4tze im Triko von DJK Wenigh\u00f6sbach und hei\u00dfen Euch zuk\u00fcnftig jederzeit<br \/>\nwillkommen in DJK Wenigh\u00f6sbach !!!<\/p>\n<p>Gru\u00df Karl<\/p>\n","protected":false},"excerpt":{"rendered":"<p>2 Neuzug\u00e4nge in der Winterpause: Angelo Di Cara und Timo Reinfurt wechseln mit sofortiger Wirkung vom FC S\u00fcdring Aschaffenburg zur DJK Wenigh\u00f6sbach. Die DJK Wenigh\u00f6sbach kann nach l\u00e4ngeren Verhandlungen nun endlich 2 Neuzug\u00e4nge verk\u00fcnden. Angelo Di Cara wurde als neuer Spielertrainer f\u00fcr das Spieljahr 2011\/12 verpflichtet. Als Spieler bei Alemania Haibach ,Viktoria Aschaffenburg, TUS Leider [&hellip;]<\/p>\n","protected":false},"author":1,"featured_media":0,"comment_status":"open","ping_status":"open","sticky":false,"template":"","format":"standard","meta":{"jetpack_post_was_ever_published":false,"_jetpack_newsletter_access":"","_jetpack_dont_email_post_to_subs":false,"_jetpack_newsletter_tier_id":0,"_jetpack_memberships_contains_paywalled_content":false,"footnotes":"","_jetpack_memberships_contains_paid_content":false,"jetpack_publicize_message":"","jetpack_publicize_feature_enabled":true,"jetpack_social_post_already_shared":false,"jetpack_social_options":{"image_generator_settings":{"template":"highway","enabled":false},"version":2}},"categories":[5],"tags":[],"jetpack_publicize_connections":[],"jetpack_featured_media_url":"","jetpack_sharing_enabled":true,"jetpack_shortlink":"https:\/\/wp.me\/p6OzWC-dZ","jetpack-related-posts":[],"jetpack_likes_enabled":true,"_links":{"self":[{"href":"https:\/\/www.djk-wenighoesbach.de\/index.php?rest_route=\/wp\/v2\/posts\/867"}],"collection":[{"href":"https:\/\/www.djk-wenighoesbach.de\/index.php?rest_route=\/wp\/v2\/posts"}],"about":[{"href":"https:\/\/www.djk-wenighoesbach.de\/index.php?rest_route=\/wp\/v2\/types\/post"}],"author":[{"embeddable":true,"href":"https:\/\/www.djk-wenighoesbach.de\/index.php?rest_route=\/wp\/v2\/users\/1"}],"replies":[{"embeddable":true,"href":"https:\/\/www.djk-wenighoesbach.de\/index.php?rest_route=%2Fwp%2Fv2%2Fcomments&post=867"}],"version-history":[{"count":3,"href":"https:\/\/www.djk-wenighoesbach.de\/index.php?rest_route=\/wp\/v2\/posts\/867\/revisions"}],"predecessor-version":[{"id":870,"href":"https:\/\/www.djk-wenighoesbach.de\/index.php?rest_route=\/wp\/v2\/posts\/867\/revisions\/870"}],"wp:attachment":[{"href":"https:\/\/www.djk-wenighoesbach.de\/index.php?rest_route=%2Fwp%2Fv2%2Fmedia&parent=867"}],"wp:term":[{"taxonomy":"category","embeddable":true,"href":"https:\/\/www.djk-wenighoesbach.de\/index.php?rest_route=%2Fwp%2Fv2%2Fcategories&post=867"},{"taxonomy":"post_tag","embeddable":true,"href":"https:\/\/www.djk-wenighoesbach.de\/index.php?rest_route=%2Fwp%2Fv2%2Ftags&post=867"}],"curies":[{"name":"wp","href":"https:\/\/api.w.org\/{rel}","templated":true}]}}