{"id":761,"date":"2010-11-23T06:48:46","date_gmt":"2010-11-23T06:48:46","guid":{"rendered":"http:\/\/www.djk-wenighoesbach.de\/?p=761"},"modified":"2010-11-23T06:48:46","modified_gmt":"2010-11-23T06:48:46","slug":"weihnachtsmarkt","status":"publish","type":"post","link":"https:\/\/www.djk-wenighoesbach.de\/?p=761","title":{"rendered":"Weihnachtsmarkt"},"content":{"rendered":"<p><strong>Aufbau und Abbau <\/strong><\/p>\n<p>Viele flei\u00dfige Helfer werden f\u00fcr den Auf- und Abbau des Weihnachtsmarktes ben\u00f6tigt.\u00b4<br \/>\nAufbau Samstag, 27.11.10 ab 10 Uhr Abbau Montag, 29,11,10 ab 10 Uhr.<\/p>\n<p><strong>Kuchenspende<\/strong><\/p>\n<p>F\u00fcr den Kuchenstand am Waldweihnachtsmarkt ben\u00f6tigen wir wie immer Eure<br \/>\nKuchenspenden.\u00a0 Bitte bei Moni Knauf Tel. 570542 Bescheid geben. Vielen Dank.<\/p>\n","protected":false},"excerpt":{"rendered":"<p>Aufbau und Abbau Viele flei\u00dfige Helfer werden f\u00fcr den Auf- und Abbau des Weihnachtsmarktes ben\u00f6tigt.\u00b4 Aufbau Samstag, 27.11.10 ab 10 Uhr Abbau Montag, 29,11,10 ab 10 Uhr. Kuchenspende F\u00fcr den Kuchenstand am Waldweihnachtsmarkt ben\u00f6tigen wir wie immer Eure Kuchenspenden.\u00a0 Bitte bei Moni Knauf Tel. 570542 Bescheid geben. Vielen Dank.<\/p>\n","protected":false},"author":1,"featured_media":0,"comment_status":"open","ping_status":"open","sticky":false,"template":"","format":"standard","meta":{"jetpack_post_was_ever_published":false,"_jetpack_newsletter_access":"","_jetpack_dont_email_post_to_subs":false,"_jetpack_newsletter_tier_id":0,"_jetpack_memberships_contains_paywalled_content":false,"footnotes":"","_jetpack_memberships_contains_paid_content":false,"jetpack_publicize_message":"","jetpack_publicize_feature_enabled":true,"jetpack_social_post_already_shared":false,"jetpack_social_options":{"image_generator_settings":{"template":"highway","enabled":false},"version":2}},"categories":[3],"tags":[],"jetpack_publicize_connections":[],"jetpack_featured_media_url":"","jetpack_sharing_enabled":true,"jetpack_shortlink":"https:\/\/wp.me\/p6OzWC-ch","jetpack-related-posts":[],"jetpack_likes_enabled":true,"_links":{"self":[{"href":"https:\/\/www.djk-wenighoesbach.de\/index.php?rest_route=\/wp\/v2\/posts\/761"}],"collection":[{"href":"https:\/\/www.djk-wenighoesbach.de\/index.php?rest_route=\/wp\/v2\/posts"}],"about":[{"href":"https:\/\/www.djk-wenighoesbach.de\/index.php?rest_route=\/wp\/v2\/types\/post"}],"author":[{"embeddable":true,"href":"https:\/\/www.djk-wenighoesbach.de\/index.php?rest_route=\/wp\/v2\/users\/1"}],"replies":[{"embeddable":true,"href":"https:\/\/www.djk-wenighoesbach.de\/index.php?rest_route=%2Fwp%2Fv2%2Fcomments&post=761"}],"version-history":[{"count":1,"href":"https:\/\/www.djk-wenighoesbach.de\/index.php?rest_route=\/wp\/v2\/posts\/761\/revisions"}],"predecessor-version":[{"id":762,"href":"https:\/\/www.djk-wenighoesbach.de\/index.php?rest_route=\/wp\/v2\/posts\/761\/revisions\/762"}],"wp:attachment":[{"href":"https:\/\/www.djk-wenighoesbach.de\/index.php?rest_route=%2Fwp%2Fv2%2Fmedia&parent=761"}],"wp:term":[{"taxonomy":"category","embeddable":true,"href":"https:\/\/www.djk-wenighoesbach.de\/index.php?rest_route=%2Fwp%2Fv2%2Fcategories&post=761"},{"taxonomy":"post_tag","embeddable":true,"href":"https:\/\/www.djk-wenighoesbach.de\/index.php?rest_route=%2Fwp%2Fv2%2Ftags&post=761"}],"curies":[{"name":"wp","href":"https:\/\/api.w.org\/{rel}","templated":true}]}}