{"id":56,"date":"2008-12-08T11:09:08","date_gmt":"2008-12-08T11:09:08","guid":{"rendered":"http:\/\/www.djk-wenighoesbach.de\/?p=56"},"modified":"2010-03-16T15:56:48","modified_gmt":"2010-03-16T15:56:48","slug":"djk-wenighosbach-ehrt-treue-mitglieder","status":"publish","type":"post","link":"https:\/\/www.djk-wenighoesbach.de\/?p=56","title":{"rendered":"DJK Wenigh\u00f6sbach ehrt treue Mitglieder"},"content":{"rendered":"<p><a href=\"http:\/\/www.djk-wenighoesbach.de\/wp-content\/uploads\/2010\/02\/Ehrung.bmp\"><img decoding=\"async\" data-attachment-id=\"55\" data-permalink=\"https:\/\/www.djk-wenighoesbach.de\/?attachment_id=55\" data-orig-file=\"https:\/\/www.djk-wenighoesbach.de\/wp-content\/uploads\/2010\/02\/Ehrung.bmp\" data-orig-size=\"\" data-comments-opened=\"1\" data-image-meta=\"[]\" data-image-title=\"Ehrung\" data-image-description=\"\" data-image-caption=\"\" data-medium-file=\"https:\/\/www.djk-wenighoesbach.de\/wp-content\/uploads\/2010\/02\/Ehrung.bmp\" data-large-file=\"https:\/\/www.djk-wenighoesbach.de\/wp-content\/uploads\/2010\/02\/Ehrung.bmp\" tabindex=\"0\" role=\"button\" class=\"alignleft size-full wp-image-55\" title=\"Ehrung\" src=\"http:\/\/www.djk-wenighoesbach.de\/wp-content\/uploads\/2010\/02\/Ehrung.bmp\" alt=\"\" title=\"Ehrung\" \/><\/a>Die DJK Wenigh\u00f6sbach hat aus Anlass ihres 45-j\u00e4hrigen Bestehens langj\u00e4hrige aktive und passive Vereinsangeh\u00f6rige zu Ehrenmitgliedern ernannt.<br \/>\nDas Foto zeigt: vordere Reihe (von links) Anton Freund, Reinhold Bergmann (Gr\u00fcndungsmitglied), Helena Gehlert, stellvertretend f\u00fcr ihren erkrankten Mann Egon Gehlert (Gr\u00fcndungsmitglied), Eduard Sauer und 1. Vorsitzender Franz-Josef Sauer; mittlere Reihe (von links) Ehrenvorsitzender Albert Bergmann, Toni Maidhof (Gr\u00fcndungsmitglied), Robert Kuhn und 2. Vorsitzender Martin Freund; hintere Reihe (von links) 3. Vorsitzende Ingrid Sch\u00fc\u00dfler, Franz Potyka, Hugo Geis und Rudolf Hock.<br \/>\nAuf dem Foto fehlt Werner Bergmann, der ebenfalls zum Ehrenmitglied ernannt wurde.<\/p>\n","protected":false},"excerpt":{"rendered":"<p>Die DJK Wenigh\u00f6sbach hat aus Anlass ihres 45-j\u00e4hrigen Bestehens langj\u00e4hrige aktive und passive Vereinsangeh\u00f6rige zu Ehrenmitgliedern ernannt. Das Foto zeigt: vordere Reihe (von links) Anton Freund, Reinhold Bergmann (Gr\u00fcndungsmitglied), Helena Gehlert, stellvertretend f\u00fcr ihren erkrankten Mann Egon Gehlert (Gr\u00fcndungsmitglied), Eduard Sauer und 1. Vorsitzender Franz-Josef Sauer; mittlere Reihe (von links) Ehrenvorsitzender Albert Bergmann, Toni Maidhof [&hellip;]<\/p>\n","protected":false},"author":1,"featured_media":0,"comment_status":"closed","ping_status":"closed","sticky":false,"template":"","format":"standard","meta":{"jetpack_post_was_ever_published":false,"_jetpack_newsletter_access":"","_jetpack_dont_email_post_to_subs":false,"_jetpack_newsletter_tier_id":0,"_jetpack_memberships_contains_paywalled_content":false,"footnotes":"","_jetpack_memberships_contains_paid_content":false,"jetpack_publicize_message":"","jetpack_publicize_feature_enabled":true,"jetpack_social_post_already_shared":false,"jetpack_social_options":{"image_generator_settings":{"template":"highway","enabled":false},"version":2}},"categories":[4],"tags":[],"jetpack_publicize_connections":[],"jetpack_featured_media_url":"","jetpack_sharing_enabled":true,"jetpack_shortlink":"https:\/\/wp.me\/p6OzWC-U","jetpack-related-posts":[],"jetpack_likes_enabled":true,"_links":{"self":[{"href":"https:\/\/www.djk-wenighoesbach.de\/index.php?rest_route=\/wp\/v2\/posts\/56"}],"collection":[{"href":"https:\/\/www.djk-wenighoesbach.de\/index.php?rest_route=\/wp\/v2\/posts"}],"about":[{"href":"https:\/\/www.djk-wenighoesbach.de\/index.php?rest_route=\/wp\/v2\/types\/post"}],"author":[{"embeddable":true,"href":"https:\/\/www.djk-wenighoesbach.de\/index.php?rest_route=\/wp\/v2\/users\/1"}],"replies":[{"embeddable":true,"href":"https:\/\/www.djk-wenighoesbach.de\/index.php?rest_route=%2Fwp%2Fv2%2Fcomments&post=56"}],"version-history":[{"count":2,"href":"https:\/\/www.djk-wenighoesbach.de\/index.php?rest_route=\/wp\/v2\/posts\/56\/revisions"}],"predecessor-version":[{"id":108,"href":"https:\/\/www.djk-wenighoesbach.de\/index.php?rest_route=\/wp\/v2\/posts\/56\/revisions\/108"}],"wp:attachment":[{"href":"https:\/\/www.djk-wenighoesbach.de\/index.php?rest_route=%2Fwp%2Fv2%2Fmedia&parent=56"}],"wp:term":[{"taxonomy":"category","embeddable":true,"href":"https:\/\/www.djk-wenighoesbach.de\/index.php?rest_route=%2Fwp%2Fv2%2Fcategories&post=56"},{"taxonomy":"post_tag","embeddable":true,"href":"https:\/\/www.djk-wenighoesbach.de\/index.php?rest_route=%2Fwp%2Fv2%2Ftags&post=56"}],"curies":[{"name":"wp","href":"https:\/\/api.w.org\/{rel}","templated":true}]}}