{"id":5371,"date":"2026-01-25T09:42:21","date_gmt":"2026-01-25T08:42:21","guid":{"rendered":"https:\/\/www.djk-wenighoesbach.de\/?p=5371"},"modified":"2026-01-25T09:42:21","modified_gmt":"2026-01-25T08:42:21","slug":"die-djk-fliegt-aus","status":"publish","type":"post","link":"https:\/\/www.djk-wenighoesbach.de\/?p=5371","title":{"rendered":"Die DJK fliegt aus"},"content":{"rendered":"<p style=\"margin: 0cm; font-variant-caps: normal; font-width: normal; font-size-adjust: none; font-kerning: auto; font-variant-alternates: normal; font-variant-ligatures: normal; font-variant-numeric: normal; font-variant-east-asian: normal; font-variant-position: normal; font-variant-emoji: normal; font-feature-settings: normal; font-optical-sizing: auto; font-variation-settings: normal;\"><span style=\"font-size: 9.0pt; font-family: 'Helvetica',sans-serif;\">Nach langer Pause unternimmt die DIK wieder einen Ausflug.<\/p>\n<p><em><strong>Dieser gestaltet sich wie folgt:<\/strong><\/em><br \/>\nTagesfahrt nach W\u00fcrzburg am 27.6.26.<br \/>\n<\/span><\/p>\n<p style=\"margin: 0cm; font-variant-caps: normal; font-width: normal; font-size-adjust: none; font-kerning: auto; font-variant-alternates: normal; font-variant-ligatures: normal; font-variant-numeric: normal; font-variant-east-asian: normal; font-variant-position: normal; font-variant-emoji: normal; font-feature-settings: normal; font-optical-sizing: auto; font-variation-settings: normal;\"><span style=\"font-size: 9.0pt; font-family: 'Helvetica',sans-serif;\">Abfahrt um 9 Uhr in Wenigh\u00f6sbach nach W\u00fcrzburg.<br \/>\n<\/span><span style=\"font-size: 9.0pt; font-family: 'Helvetica',sans-serif;\">Gegen 11 Uhr Rundfahrt mit der \u201eStadtbahn&#8220; zur Stadtrundfahrt Dauer ca 1 Stunde<\/span><\/p>\n<p style=\"margin: 0cm; font-variant-caps: normal; font-width: normal; font-size-adjust: none; font-kerning: auto; font-variant-alternates: normal; font-variant-ligatures: normal; font-variant-numeric: normal; font-variant-east-asian: normal; font-variant-position: normal; font-variant-emoji: normal; font-feature-settings: normal; font-optical-sizing: auto; font-variation-settings: normal;\"><span style=\"font-size: 9.0pt; font-family: 'Helvetica',sans-serif;\">Nach der Rundfahrt zur freien Verf\u00fcgung oder zu Fu\u00df mit unserem Busfahrer J\u00fcrgen ein Besuch der Neum\u00fcnsterkirche (Grab der 3 Frankenapostel) und dem Dom. M\u00f6glichkeit zum Stadtbummel oder<\/span><\/p>\n<p style=\"margin: 0cm; font-variant-caps: normal; font-width: normal; font-size-adjust: none; font-kerning: auto; font-variant-alternates: normal; font-variant-ligatures: normal; font-variant-numeric: normal; font-variant-east-asian: normal; font-variant-position: normal; font-variant-emoji: normal; font-feature-settings: normal; font-optical-sizing: auto; font-variation-settings: normal;\"><span style=\"font-size: 9.0pt; font-family: 'Helvetica',sans-serif;\">zur Mainbr\u00fccke (Br\u00fcckenschoppen).<br \/>\n<\/span><span style=\"font-size: 9.0pt; font-family: 'Helvetica',sans-serif;\">Am Nachmittag F\u00fchrung im B\u00fcrgerspital mit Weinverkostung. <\/span><\/p>\n<p style=\"margin: 0cm; font-variant-caps: normal; font-width: normal; font-size-adjust: none; font-kerning: auto; font-variant-alternates: normal; font-variant-ligatures: normal; font-variant-numeric: normal; font-variant-east-asian: normal; font-variant-position: normal; font-variant-emoji: normal; font-feature-settings: normal; font-optical-sizing: auto; font-variation-settings: normal;\"><span style=\"font-size: 9.0pt; font-family: 'Helvetica',sans-serif;\">Danach R\u00fcckfahrt nach Weibersbrunn in den \u201eJ\u00e4gerhof&#8220; zum Tagesausklang.<\/span><\/p>\n<p style=\"margin: 0cm; font-variant-caps: normal; font-width: normal; font-size-adjust: none; font-kerning: auto; font-variant-alternates: normal; font-variant-ligatures: normal; font-variant-numeric: normal; font-variant-east-asian: normal; font-variant-position: normal; font-variant-emoji: normal; font-feature-settings: normal; font-optical-sizing: auto; font-variation-settings: normal;\"><span style=\"font-size: 9.0pt; font-family: 'Helvetica',sans-serif;\">R\u00fcckkunft in Wenigh\u00f6sbach gegen 20 Uhr.<\/p>\n<p><\/span><\/p>\n<p style=\"margin: 0cm; font-variant-caps: normal; font-width: normal; font-size-adjust: none; font-kerning: auto; font-variant-alternates: normal; font-variant-ligatures: normal; font-variant-numeric: normal; font-variant-east-asian: normal; font-variant-position: normal; font-variant-emoji: normal; font-feature-settings: normal; font-optical-sizing: auto; font-variation-settings: normal;\"><span style=\"font-size: 9.0pt; font-family: 'Helvetica',sans-serif;\">Preis pro Person 35,00 \u20ac hier sind inbegriffen die Stadtrundfahrt, die F\u00fchrung im B\u00fcrgerspital und die Busfahrt. 48 Personen maximal<\/span><\/p>\n<p style=\"margin: 0cm; font-variant-caps: normal; font-width: normal; font-size-adjust: none; font-kerning: auto; font-variant-alternates: normal; font-variant-ligatures: normal; font-variant-numeric: normal; font-variant-east-asian: normal; font-variant-position: normal; font-variant-emoji: normal; font-feature-settings: normal; font-optical-sizing: auto; font-variation-settings: normal;\"><span style=\"font-size: 9.0pt; font-family: 'Helvetica',sans-serif;\">Anmeldungen ab sofort bei Sigrid Staab unter 06021\/570216<\/span><\/p>\n","protected":false},"excerpt":{"rendered":"<p>Nach langer Pause unternimmt die DIK wieder einen Ausflug. Dieser gestaltet sich wie folgt: Tagesfahrt nach W\u00fcrzburg am 27.6.26. Abfahrt um 9 Uhr in Wenigh\u00f6sbach nach W\u00fcrzburg. Gegen 11 Uhr Rundfahrt mit der \u201eStadtbahn&#8220; zur Stadtrundfahrt Dauer ca 1 Stunde Nach der Rundfahrt zur freien Verf\u00fcgung oder zu Fu\u00df mit unserem Busfahrer J\u00fcrgen ein Besuch [&hellip;]<\/p>\n","protected":false},"author":1,"featured_media":0,"comment_status":"open","ping_status":"open","sticky":false,"template":"","format":"standard","meta":{"jetpack_post_was_ever_published":false,"_jetpack_newsletter_access":"","_jetpack_dont_email_post_to_subs":false,"_jetpack_newsletter_tier_id":0,"_jetpack_memberships_contains_paywalled_content":false,"footnotes":"","_jetpack_memberships_contains_paid_content":false,"jetpack_publicize_message":"","jetpack_publicize_feature_enabled":true,"jetpack_social_post_already_shared":true,"jetpack_social_options":{"image_generator_settings":{"template":"highway","enabled":false},"version":2}},"categories":[3],"tags":[],"jetpack_publicize_connections":[],"jetpack_featured_media_url":"","jetpack_sharing_enabled":true,"jetpack_shortlink":"https:\/\/wp.me\/p6OzWC-1oD","jetpack-related-posts":[],"jetpack_likes_enabled":true,"_links":{"self":[{"href":"https:\/\/www.djk-wenighoesbach.de\/index.php?rest_route=\/wp\/v2\/posts\/5371"}],"collection":[{"href":"https:\/\/www.djk-wenighoesbach.de\/index.php?rest_route=\/wp\/v2\/posts"}],"about":[{"href":"https:\/\/www.djk-wenighoesbach.de\/index.php?rest_route=\/wp\/v2\/types\/post"}],"author":[{"embeddable":true,"href":"https:\/\/www.djk-wenighoesbach.de\/index.php?rest_route=\/wp\/v2\/users\/1"}],"replies":[{"embeddable":true,"href":"https:\/\/www.djk-wenighoesbach.de\/index.php?rest_route=%2Fwp%2Fv2%2Fcomments&post=5371"}],"version-history":[{"count":1,"href":"https:\/\/www.djk-wenighoesbach.de\/index.php?rest_route=\/wp\/v2\/posts\/5371\/revisions"}],"predecessor-version":[{"id":5372,"href":"https:\/\/www.djk-wenighoesbach.de\/index.php?rest_route=\/wp\/v2\/posts\/5371\/revisions\/5372"}],"wp:attachment":[{"href":"https:\/\/www.djk-wenighoesbach.de\/index.php?rest_route=%2Fwp%2Fv2%2Fmedia&parent=5371"}],"wp:term":[{"taxonomy":"category","embeddable":true,"href":"https:\/\/www.djk-wenighoesbach.de\/index.php?rest_route=%2Fwp%2Fv2%2Fcategories&post=5371"},{"taxonomy":"post_tag","embeddable":true,"href":"https:\/\/www.djk-wenighoesbach.de\/index.php?rest_route=%2Fwp%2Fv2%2Ftags&post=5371"}],"curies":[{"name":"wp","href":"https:\/\/api.w.org\/{rel}","templated":true}]}}