{"id":5368,"date":"2026-01-13T08:12:16","date_gmt":"2026-01-13T07:12:16","guid":{"rendered":"https:\/\/www.djk-wenighoesbach.de\/?p=5368"},"modified":"2026-01-13T08:12:16","modified_gmt":"2026-01-13T07:12:16","slug":"neujahrsgruss-der-djk-wenighoesbach","status":"publish","type":"post","link":"https:\/\/www.djk-wenighoesbach.de\/?p=5368","title":{"rendered":"Neujahrsgru\u00df der DJK Wenigh\u00f6sbach"},"content":{"rendered":"<p data-start=\"211\" data-end=\"470\">Ein neues Jahr liegt vor uns \u2013 voller Chancen, gemeinsamer Erlebnisse und sch\u00f6ner Momente in unserer DJK-Familie. Wir w\u00fcnschen allen Mitgliedern, Freunden und Unterst\u00fctzern der DJK Wenigh\u00f6sbach ein gesundes, gl\u00fcckliches und sportlich erfolgreiches neues Jahr!<\/p>\n<p data-start=\"472\" data-end=\"663\">Auch 2026 h\u00e4lt wieder viele Highlights f\u00fcr Jung und Alt bereit:<br data-start=\"535\" data-end=\"538\" \/>Den Auftakt macht der <strong data-start=\"560\" data-end=\"607\">Kinderfasching am Faschingsdienstag, 17.02.<\/strong>, bei dem Spiel, Musik und gute Laune garantiert sind.<\/p>\n<p data-start=\"665\" data-end=\"813\">Im <strong data-start=\"668\" data-end=\"687\">sp\u00e4ten Fr\u00fchjahr<\/strong> steht mit dem <strong data-start=\"702\" data-end=\"730\">Umbau unseres K\u00fchlhauses<\/strong> ein wichtiges Projekt an, das unsere Vereinsarbeit nachhaltig unterst\u00fctzen wird.<\/p>\n<p data-start=\"815\" data-end=\"1019\">Nach langer Pause freuen wir uns besonders, am <strong data-start=\"862\" data-end=\"872\">27.06.<\/strong> wieder einen <strong data-start=\"886\" data-end=\"924\">Tagesausflug der DJK nach W\u00fcrzburg<\/strong> anbieten zu k\u00f6nnen \u2013 ein gemeinsames Erlebnis, das sicher viele sch\u00f6ne Erinnerungen schafft.<\/p>\n<p data-start=\"1021\" data-end=\"1192\">Der Sommer bringt mit der <strong data-start=\"1047\" data-end=\"1103\">Wiederholung unseres beliebten Sommerfests am 29.07.<\/strong> einen weiteren H\u00f6hepunkt, bei dem Geselligkeit und Gemeinschaft im Mittelpunkt stehen.<\/p>\n<p data-start=\"1194\" data-end=\"1380\">Und auch sportlich geht es weiter: Im <strong data-start=\"1232\" data-end=\"1242\">Herbst<\/strong> folgt die <strong data-start=\"1253\" data-end=\"1306\">zweite Auflage des Tischtennis-Jedermann-Turniers<\/strong>, bei dem Spa\u00df, Fairness und der olympische Gedanke im Vordergrund stehen.<\/p>\n<p data-start=\"1382\" data-end=\"1554\">Wir freuen uns auf ein ereignisreiches Jahr mit vielen Begegnungen, helfenden H\u00e4nden und unvergesslichen Momenten.<br data-start=\"1496\" data-end=\"1499\" \/>Auf ein starkes, lebendiges und erfolgreiches DJK-Jahr!<\/p>\n","protected":false},"excerpt":{"rendered":"<p>Ein neues Jahr liegt vor uns \u2013 voller Chancen, gemeinsamer Erlebnisse und sch\u00f6ner Momente in unserer DJK-Familie. Wir w\u00fcnschen allen Mitgliedern, Freunden und Unterst\u00fctzern der DJK Wenigh\u00f6sbach ein gesundes, gl\u00fcckliches und sportlich erfolgreiches neues Jahr! Auch 2026 h\u00e4lt wieder viele Highlights f\u00fcr Jung und Alt bereit:Den Auftakt macht der Kinderfasching am Faschingsdienstag, 17.02., bei dem [&hellip;]<\/p>\n","protected":false},"author":1,"featured_media":0,"comment_status":"open","ping_status":"open","sticky":false,"template":"","format":"standard","meta":{"jetpack_post_was_ever_published":false,"_jetpack_newsletter_access":"","_jetpack_dont_email_post_to_subs":false,"_jetpack_newsletter_tier_id":0,"_jetpack_memberships_contains_paywalled_content":false,"footnotes":"","_jetpack_memberships_contains_paid_content":false,"jetpack_publicize_message":"","jetpack_publicize_feature_enabled":true,"jetpack_social_post_already_shared":true,"jetpack_social_options":{"image_generator_settings":{"template":"highway","enabled":false},"version":2}},"categories":[3],"tags":[],"jetpack_publicize_connections":[],"jetpack_featured_media_url":"","jetpack_sharing_enabled":true,"jetpack_shortlink":"https:\/\/wp.me\/p6OzWC-1oA","jetpack-related-posts":[],"jetpack_likes_enabled":true,"_links":{"self":[{"href":"https:\/\/www.djk-wenighoesbach.de\/index.php?rest_route=\/wp\/v2\/posts\/5368"}],"collection":[{"href":"https:\/\/www.djk-wenighoesbach.de\/index.php?rest_route=\/wp\/v2\/posts"}],"about":[{"href":"https:\/\/www.djk-wenighoesbach.de\/index.php?rest_route=\/wp\/v2\/types\/post"}],"author":[{"embeddable":true,"href":"https:\/\/www.djk-wenighoesbach.de\/index.php?rest_route=\/wp\/v2\/users\/1"}],"replies":[{"embeddable":true,"href":"https:\/\/www.djk-wenighoesbach.de\/index.php?rest_route=%2Fwp%2Fv2%2Fcomments&post=5368"}],"version-history":[{"count":1,"href":"https:\/\/www.djk-wenighoesbach.de\/index.php?rest_route=\/wp\/v2\/posts\/5368\/revisions"}],"predecessor-version":[{"id":5369,"href":"https:\/\/www.djk-wenighoesbach.de\/index.php?rest_route=\/wp\/v2\/posts\/5368\/revisions\/5369"}],"wp:attachment":[{"href":"https:\/\/www.djk-wenighoesbach.de\/index.php?rest_route=%2Fwp%2Fv2%2Fmedia&parent=5368"}],"wp:term":[{"taxonomy":"category","embeddable":true,"href":"https:\/\/www.djk-wenighoesbach.de\/index.php?rest_route=%2Fwp%2Fv2%2Fcategories&post=5368"},{"taxonomy":"post_tag","embeddable":true,"href":"https:\/\/www.djk-wenighoesbach.de\/index.php?rest_route=%2Fwp%2Fv2%2Ftags&post=5368"}],"curies":[{"name":"wp","href":"https:\/\/api.w.org\/{rel}","templated":true}]}}