{"id":5364,"date":"2026-01-13T08:10:41","date_gmt":"2026-01-13T07:10:41","guid":{"rendered":"https:\/\/www.djk-wenighoesbach.de\/?p=5364"},"modified":"2026-01-13T08:10:41","modified_gmt":"2026-01-13T07:10:41","slug":"kinderfasching-2026","status":"publish","type":"post","link":"https:\/\/www.djk-wenighoesbach.de\/?p=5364","title":{"rendered":"Kinderfasching 2026"},"content":{"rendered":"<p data-start=\"178\" data-end=\"207\"><strong data-start=\"178\" data-end=\"200\">Joch Helau!<\/strong> <\/p>\n<p data-start=\"209\" data-end=\"418\">Die f\u00fcnfte Jahreszeit ist da \u2013 und damit nat\u00fcrlich auch der <strong data-start=\"269\" data-end=\"312\">Kinderfasching bei der DJK Wenigh\u00f6sbach<\/strong>! Am <strong data-start=\"317\" data-end=\"346\">Faschingsdienstag, 17.02.<\/strong>, hei\u00dft es wieder: B\u00fchne frei f\u00fcr Spa\u00df, Musik und jede Menge gute Laune.<\/p>\n<p data-start=\"420\" data-end=\"801\">Nach dem gro\u00dfartigen Erfolg im letzten Jahr wird <strong data-start=\"469\" data-end=\"480\">DJ Tobi<\/strong> auch diesmal die besten Faschingshits auflegen und unsere Nachwuchs-Party so richtig anheizen. Gemeinsam wird getanzt, gesungen und gespielt \u2013 stillsitzen ist ausdr\u00fccklich verboten! Und selbstverst\u00e4ndlich hat Tobi wieder eine ordentliche Portion <strong data-start=\"727\" data-end=\"742\">S\u00fc\u00dfigkeiten<\/strong> im Gep\u00e4ck, also freut euch auf eine kunterbunte Nascherei.<\/p>\n<p data-start=\"803\" data-end=\"1001\">Ein weiteres Highlight darf nat\u00fcrlich nicht fehlen: Die <strong data-start=\"859\" data-end=\"883\">Nachwuchs-Stadtgarde<\/strong> sorgt mit ihrem Auftritt f\u00fcr echte Faschingsstimmung und einen tollen Showmoment, der Klein und Gro\u00df begeistern wird.<\/p>\n<p data-start=\"1003\" data-end=\"1119\">Also schmei\u00dft euch in eure kreativsten Kost\u00fcme und erobert mit uns die DJK \u2013<br data-start=\"1079\" data-end=\"1082\" \/><strong data-start=\"1082\" data-end=\"1116\">Faschingsdienstag ab 13:61 Uhr<\/strong> <\/p>\n<p data-start=\"1121\" data-end=\"1315\"><strong data-start=\"1121\" data-end=\"1145\">Tipp vom Pressewart:<\/strong><br data-start=\"1145\" data-end=\"1148\" \/>W\u00e4hrend DJ Tobi die kleinen Energieb\u00fcndel besch\u00e4ftigt, haben die verkleideten Papas Gelegenheit, ganz entspannt eine Runde <strong data-start=\"1271\" data-end=\"1312\">Schafkopf (\u201eKatte kloppe\u201c) zu spielen<\/strong> <\/p>\n<p data-start=\"1317\" data-end=\"1366\">Wir freuen uns auf viele kleine und gro\u00dfe Narren!<\/p>\n<p><a href=\"https:\/\/fb.me\/e\/1SA6Si87sn\">Hier geht&#8217;s zum Facebook Event!<\/a><\/p>\n<div style=\"width: 1480px;\" class=\"wp-video\"><!--[if lt IE 9]><script>document.createElement('video');<\/script><![endif]-->\n<video class=\"wp-video-shortcode\" id=\"video-5364-1\" width=\"1480\" height=\"1916\" preload=\"metadata\" controls=\"controls\"><source type=\"video\/mp4\" src=\"http:\/\/www.djk-wenighoesbach.de\/wp-content\/uploads\/2026\/01\/Fasching.mp4?_=1\" \/><a href=\"http:\/\/www.djk-wenighoesbach.de\/wp-content\/uploads\/2026\/01\/Fasching.mp4\">http:\/\/www.djk-wenighoesbach.de\/wp-content\/uploads\/2026\/01\/Fasching.mp4<\/a><\/video><\/div>\n","protected":false},"excerpt":{"rendered":"<p>Joch Helau! Die f\u00fcnfte Jahreszeit ist da \u2013 und damit nat\u00fcrlich auch der Kinderfasching bei der DJK Wenigh\u00f6sbach! Am Faschingsdienstag, 17.02., hei\u00dft es wieder: B\u00fchne frei f\u00fcr Spa\u00df, Musik und jede Menge gute Laune. Nach dem gro\u00dfartigen Erfolg im letzten Jahr wird DJ Tobi auch diesmal die besten Faschingshits auflegen und unsere Nachwuchs-Party so richtig [&hellip;]<\/p>\n","protected":false},"author":1,"featured_media":5366,"comment_status":"open","ping_status":"open","sticky":false,"template":"","format":"standard","meta":{"jetpack_post_was_ever_published":false,"_jetpack_newsletter_access":"","_jetpack_dont_email_post_to_subs":false,"_jetpack_newsletter_tier_id":0,"_jetpack_memberships_contains_paywalled_content":false,"footnotes":"","_jetpack_memberships_contains_paid_content":false,"jetpack_publicize_message":"","jetpack_publicize_feature_enabled":true,"jetpack_social_post_already_shared":true,"jetpack_social_options":{"image_generator_settings":{"template":"highway","enabled":false},"version":2}},"categories":[15],"tags":[],"jetpack_publicize_connections":[],"jetpack_featured_media_url":"https:\/\/i0.wp.com\/www.djk-wenighoesbach.de\/wp-content\/uploads\/2026\/01\/Fasching.jpg?fit=1480%2C1916&ssl=1","jetpack_sharing_enabled":true,"jetpack_shortlink":"https:\/\/wp.me\/p6OzWC-1ow","jetpack-related-posts":[],"jetpack_likes_enabled":true,"_links":{"self":[{"href":"https:\/\/www.djk-wenighoesbach.de\/index.php?rest_route=\/wp\/v2\/posts\/5364"}],"collection":[{"href":"https:\/\/www.djk-wenighoesbach.de\/index.php?rest_route=\/wp\/v2\/posts"}],"about":[{"href":"https:\/\/www.djk-wenighoesbach.de\/index.php?rest_route=\/wp\/v2\/types\/post"}],"author":[{"embeddable":true,"href":"https:\/\/www.djk-wenighoesbach.de\/index.php?rest_route=\/wp\/v2\/users\/1"}],"replies":[{"embeddable":true,"href":"https:\/\/www.djk-wenighoesbach.de\/index.php?rest_route=%2Fwp%2Fv2%2Fcomments&post=5364"}],"version-history":[{"count":1,"href":"https:\/\/www.djk-wenighoesbach.de\/index.php?rest_route=\/wp\/v2\/posts\/5364\/revisions"}],"predecessor-version":[{"id":5367,"href":"https:\/\/www.djk-wenighoesbach.de\/index.php?rest_route=\/wp\/v2\/posts\/5364\/revisions\/5367"}],"wp:featuredmedia":[{"embeddable":true,"href":"https:\/\/www.djk-wenighoesbach.de\/index.php?rest_route=\/wp\/v2\/media\/5366"}],"wp:attachment":[{"href":"https:\/\/www.djk-wenighoesbach.de\/index.php?rest_route=%2Fwp%2Fv2%2Fmedia&parent=5364"}],"wp:term":[{"taxonomy":"category","embeddable":true,"href":"https:\/\/www.djk-wenighoesbach.de\/index.php?rest_route=%2Fwp%2Fv2%2Fcategories&post=5364"},{"taxonomy":"post_tag","embeddable":true,"href":"https:\/\/www.djk-wenighoesbach.de\/index.php?rest_route=%2Fwp%2Fv2%2Ftags&post=5364"}],"curies":[{"name":"wp","href":"https:\/\/api.w.org\/{rel}","templated":true}]}}