{"id":5350,"date":"2025-11-25T09:31:29","date_gmt":"2025-11-25T08:31:29","guid":{"rendered":"https:\/\/www.djk-wenighoesbach.de\/?p=5350"},"modified":"2025-11-25T09:31:29","modified_gmt":"2025-11-25T08:31:29","slug":"festliche-erinnerung-an-unsere-djk-events","status":"publish","type":"post","link":"https:\/\/www.djk-wenighoesbach.de\/?p=5350","title":{"rendered":"Festliche Erinnerung an unsere DJK-Events"},"content":{"rendered":"<p data-start=\"141\" data-end=\"189\">Liebe Mitglieder, liebe Freunde unseres Vereins,<\/p>\n<p data-start=\"191\" data-end=\"380\">die Adventszeit r\u00fcckt n\u00e4her und damit auch zwei besondere H\u00f6hepunkte unseres Vereinsjahres. Wir m\u00f6chten euch herzlich einladen, gemeinsam mit uns diese stimmungsvollen Ereignisse zu feiern:<\/p>\n<p data-start=\"382\" data-end=\"642\"> <strong data-start=\"385\" data-end=\"408\">DJK-Weihnachtsfeier<\/strong><\/p>\n<p data-start=\"382\" data-end=\"642\"><strong data-start=\"325\" data-end=\"335\">Datum:<\/strong> Freitag, <strong data-start=\"345\" data-end=\"366\">19. Dezember 2025<\/strong><br data-start=\"408\" data-end=\"411\" \/>Lasst uns in besinnlicher Atmosph\u00e4re zusammenkommen, auf ein sch\u00f6nes Jahr zur\u00fcckblicken und gemeinsam ein paar festliche Stunden verbringen. Wir freuen uns auf euer zahlreiches Erscheinen und einen Abend voller sch\u00f6ner Begegnungen.<\/p>\n<p data-start=\"644\" data-end=\"879\"> <strong data-start=\"647\" data-end=\"678\">Schafkopf- &amp; Schnauzturnier<\/strong><\/p>\n<p data-start=\"644\" data-end=\"879\"><strong data-start=\"550\" data-end=\"560\">Datum:<\/strong> Freitag, <strong data-start=\"570\" data-end=\"591\">29. Dezember 2025<\/strong> <br data-start=\"629\" data-end=\"632\" \/><strong data-start=\"634\" data-end=\"648\">Anmeldung:<\/strong> ab 18:30 Uhr, <strong data-start=\"663\" data-end=\"681\">Turnierbeginn:<\/strong> 19:00 Uhr<br \/>\n<br data-start=\"678\" data-end=\"681\" \/>Auch unser traditionelles Turnier steht wieder vor der T\u00fcr! Ein Abend voller Spannung, Spa\u00df und geselligem Miteinander erwartet euch. Nat\u00fcrlich gibt es wieder tolle Preise und jede Menge gute Laune.<\/p>\n<p data-start=\"881\" data-end=\"1045\">Beide Veranstaltungen finden wie gewohnt in vertrauter und herzlicher DJK-Runde statt.<br data-start=\"967\" data-end=\"970\" \/>Kommt vorbei, macht mit \u2013 und lasst uns die Adventszeit gemeinsam genie\u00dfen.<\/p>\n<p data-start=\"1047\" data-end=\"1100\">Mit vorweihnachtlichen Gr\u00fc\u00dfen<br data-start=\"1076\" data-end=\"1079\" \/><strong data-start=\"1079\" data-end=\"1100\">Euer Pressewart<\/strong><\/p>\n","protected":false},"excerpt":{"rendered":"<p>Liebe Mitglieder, liebe Freunde unseres Vereins, die Adventszeit r\u00fcckt n\u00e4her und damit auch zwei besondere H\u00f6hepunkte unseres Vereinsjahres. Wir m\u00f6chten euch herzlich einladen, gemeinsam mit uns diese stimmungsvollen Ereignisse zu feiern: DJK-Weihnachtsfeier Datum: Freitag, 19. Dezember 2025Lasst uns in besinnlicher Atmosph\u00e4re zusammenkommen, auf ein sch\u00f6nes Jahr zur\u00fcckblicken und gemeinsam ein paar festliche Stunden verbringen. Wir [&hellip;]<\/p>\n","protected":false},"author":1,"featured_media":0,"comment_status":"open","ping_status":"open","sticky":false,"template":"","format":"standard","meta":{"jetpack_post_was_ever_published":false,"_jetpack_newsletter_access":"","_jetpack_dont_email_post_to_subs":false,"_jetpack_newsletter_tier_id":0,"_jetpack_memberships_contains_paywalled_content":false,"footnotes":"","_jetpack_memberships_contains_paid_content":false,"jetpack_publicize_message":"","jetpack_publicize_feature_enabled":true,"jetpack_social_post_already_shared":true,"jetpack_social_options":{"image_generator_settings":{"template":"highway","enabled":false},"version":2}},"categories":[4],"tags":[],"jetpack_publicize_connections":[],"jetpack_featured_media_url":"","jetpack_sharing_enabled":true,"jetpack_shortlink":"https:\/\/wp.me\/p6OzWC-1oi","jetpack-related-posts":[],"jetpack_likes_enabled":true,"_links":{"self":[{"href":"https:\/\/www.djk-wenighoesbach.de\/index.php?rest_route=\/wp\/v2\/posts\/5350"}],"collection":[{"href":"https:\/\/www.djk-wenighoesbach.de\/index.php?rest_route=\/wp\/v2\/posts"}],"about":[{"href":"https:\/\/www.djk-wenighoesbach.de\/index.php?rest_route=\/wp\/v2\/types\/post"}],"author":[{"embeddable":true,"href":"https:\/\/www.djk-wenighoesbach.de\/index.php?rest_route=\/wp\/v2\/users\/1"}],"replies":[{"embeddable":true,"href":"https:\/\/www.djk-wenighoesbach.de\/index.php?rest_route=%2Fwp%2Fv2%2Fcomments&post=5350"}],"version-history":[{"count":1,"href":"https:\/\/www.djk-wenighoesbach.de\/index.php?rest_route=\/wp\/v2\/posts\/5350\/revisions"}],"predecessor-version":[{"id":5351,"href":"https:\/\/www.djk-wenighoesbach.de\/index.php?rest_route=\/wp\/v2\/posts\/5350\/revisions\/5351"}],"wp:attachment":[{"href":"https:\/\/www.djk-wenighoesbach.de\/index.php?rest_route=%2Fwp%2Fv2%2Fmedia&parent=5350"}],"wp:term":[{"taxonomy":"category","embeddable":true,"href":"https:\/\/www.djk-wenighoesbach.de\/index.php?rest_route=%2Fwp%2Fv2%2Fcategories&post=5350"},{"taxonomy":"post_tag","embeddable":true,"href":"https:\/\/www.djk-wenighoesbach.de\/index.php?rest_route=%2Fwp%2Fv2%2Ftags&post=5350"}],"curies":[{"name":"wp","href":"https:\/\/api.w.org\/{rel}","templated":true}]}}