{"id":5343,"date":"2025-11-18T09:01:26","date_gmt":"2025-11-18T08:01:26","guid":{"rendered":"https:\/\/www.djk-wenighoesbach.de\/?p=5343"},"modified":"2025-11-18T09:01:26","modified_gmt":"2025-11-18T08:01:26","slug":"abschied-aus-dem-vorstand","status":"publish","type":"post","link":"https:\/\/www.djk-wenighoesbach.de\/?p=5343","title":{"rendered":"Abschied aus dem Vorstand"},"content":{"rendered":"<p>Dank an Jens f\u00fcr sein langj\u00e4hriges Engagement.<\/p>\n<p>Nach vielen Jahren engagierter Arbeit in unserem Verein hat Jens sein Amt im Vorstand niedergelegt. Sein R\u00fcckzug bietet Anlass, auf seine vielf\u00e4ltigen Verdienste und sein au\u00dfergew\u00f6hnliches Engagement zur\u00fcckzublicken.<\/p>\n<p>Jens war bereits fr\u00fch und in zahlreichen Bereichen f\u00fcr den Verein aktiv. Von 2000 bis 2018 geh\u00f6rte er zur Fahnenabordnung und vertrat unseren Verein bei unz\u00e4hligen Anl\u00e4ssen. Im Vergn\u00fcgungsausschuss arbeitete er von 2006 bis 2014 mit und trug in dieser Zeit wesentlich zur Organisation und Gestaltung vieler Vereinsfeste bei.<\/p>\n<p>Auch im sportlichen Bereich brachte Jens sich stark ein: Seit der Saison 2006\/07 war er Betreuer der 1. und 2. Mannschaft. Seine eigene aktive Fu\u00dfballkarriere musste er leider fr\u00fch beenden. Nach einer Jugendzeit als Torwart spielte er noch ein bis zwei Jahre bei den Aktiven, bevor er sich beim Aufw\u00e4rmen schwer verletzte und daraufhin mit dem Fu\u00dfballspielen aufh\u00f6ren musste.<\/p>\n<p>Im Vorstand \u00fcbernahm Jens schlie\u00dflich von 2014 bis 2018 das Amt des 3. Vorsitzenden. Seit 2019 war er als gleichberechtigter Vorsitzender t\u00e4tig und pr\u00e4gte die Vereinsarbeit in dieser Zeit entscheidend mit.<\/p>\n<p>Wir bedanken uns bei Jens herzlich f\u00fcr seine langj\u00e4hrige, zuverl\u00e4ssige und stets tatkr\u00e4ftige Unterst\u00fctzung. Der Verein hat ihm viel zu verdanken, und wir w\u00fcnschen ihm f\u00fcr die Zukunft alles Gute \u2013 verbunden mit der Hoffnung, dass er uns weiterhin eng verbunden bleibt.<\/p>\n","protected":false},"excerpt":{"rendered":"<p>Dank an Jens f\u00fcr sein langj\u00e4hriges Engagement. Nach vielen Jahren engagierter Arbeit in unserem Verein hat Jens sein Amt im Vorstand niedergelegt. Sein R\u00fcckzug bietet Anlass, auf seine vielf\u00e4ltigen Verdienste und sein au\u00dfergew\u00f6hnliches Engagement zur\u00fcckzublicken. Jens war bereits fr\u00fch und in zahlreichen Bereichen f\u00fcr den Verein aktiv. Von 2000 bis 2018 geh\u00f6rte er zur Fahnenabordnung [&hellip;]<\/p>\n","protected":false},"author":1,"featured_media":0,"comment_status":"open","ping_status":"open","sticky":false,"template":"","format":"standard","meta":{"jetpack_post_was_ever_published":false,"_jetpack_newsletter_access":"","_jetpack_dont_email_post_to_subs":false,"_jetpack_newsletter_tier_id":0,"_jetpack_memberships_contains_paywalled_content":false,"footnotes":"","_jetpack_memberships_contains_paid_content":false,"jetpack_publicize_message":"","jetpack_publicize_feature_enabled":true,"jetpack_social_post_already_shared":true,"jetpack_social_options":{"image_generator_settings":{"template":"highway","enabled":false},"version":2}},"categories":[4],"tags":[],"jetpack_publicize_connections":[],"jetpack_featured_media_url":"","jetpack_sharing_enabled":true,"jetpack_shortlink":"https:\/\/wp.me\/p6OzWC-1ob","jetpack-related-posts":[],"jetpack_likes_enabled":true,"_links":{"self":[{"href":"https:\/\/www.djk-wenighoesbach.de\/index.php?rest_route=\/wp\/v2\/posts\/5343"}],"collection":[{"href":"https:\/\/www.djk-wenighoesbach.de\/index.php?rest_route=\/wp\/v2\/posts"}],"about":[{"href":"https:\/\/www.djk-wenighoesbach.de\/index.php?rest_route=\/wp\/v2\/types\/post"}],"author":[{"embeddable":true,"href":"https:\/\/www.djk-wenighoesbach.de\/index.php?rest_route=\/wp\/v2\/users\/1"}],"replies":[{"embeddable":true,"href":"https:\/\/www.djk-wenighoesbach.de\/index.php?rest_route=%2Fwp%2Fv2%2Fcomments&post=5343"}],"version-history":[{"count":1,"href":"https:\/\/www.djk-wenighoesbach.de\/index.php?rest_route=\/wp\/v2\/posts\/5343\/revisions"}],"predecessor-version":[{"id":5344,"href":"https:\/\/www.djk-wenighoesbach.de\/index.php?rest_route=\/wp\/v2\/posts\/5343\/revisions\/5344"}],"wp:attachment":[{"href":"https:\/\/www.djk-wenighoesbach.de\/index.php?rest_route=%2Fwp%2Fv2%2Fmedia&parent=5343"}],"wp:term":[{"taxonomy":"category","embeddable":true,"href":"https:\/\/www.djk-wenighoesbach.de\/index.php?rest_route=%2Fwp%2Fv2%2Fcategories&post=5343"},{"taxonomy":"post_tag","embeddable":true,"href":"https:\/\/www.djk-wenighoesbach.de\/index.php?rest_route=%2Fwp%2Fv2%2Ftags&post=5343"}],"curies":[{"name":"wp","href":"https:\/\/api.w.org\/{rel}","templated":true}]}}