{"id":5334,"date":"2025-11-11T05:59:51","date_gmt":"2025-11-11T04:59:51","guid":{"rendered":"https:\/\/www.djk-wenighoesbach.de\/?p=5334"},"modified":"2025-11-11T06:11:06","modified_gmt":"2025-11-11T05:11:06","slug":"5334","status":"publish","type":"post","link":"https:\/\/www.djk-wenighoesbach.de\/?p=5334","title":{"rendered":"Bericht zur Generalversammlung"},"content":{"rendered":"<p data-start=\"399\" data-end=\"766\">Am 07.11.2025 fand im Vereinsheim die diesj\u00e4hrige Generalversammlung statt. Insgesamt nahmen <strong data-start=\"517\" data-end=\"534\">21 Mitglieder<\/strong> teil. In angenehmer Atmosph\u00e4re bei Getr\u00e4nken und belegten Br\u00f6tchen wurde ein R\u00fcckblick auf das vergangene Jahr gegeben und die Weichen f\u00fcr die kommenden Monate gestellt. Die Stimmung war durchweg <strong data-start=\"731\" data-end=\"765\">sehr gut und kameradschaftlich<\/strong>.<\/p>\n<h3 data-start=\"768\" data-end=\"783\">Begr\u00fc\u00dfung<\/h3>\n<p data-start=\"784\" data-end=\"1124\">Vorsitzender <strong data-start=\"797\" data-end=\"813\">Thomas Debus<\/strong> er\u00f6ffnete die Versammlung und begr\u00fc\u00dfte die Anwesenden herzlich \u2013 auch im Namen der Vorstandsmitglieder <strong data-start=\"917\" data-end=\"937\">Ingrid Sch\u00fcssler<\/strong> und <strong data-start=\"942\" data-end=\"961\">Jens Schwarzrock<\/strong>. Ein besonderer Gru\u00df galt dem Ehrenvorstand <strong data-start=\"1006\" data-end=\"1027\">Franz-Josef Sauer<\/strong> sowie den anwesenden Ehrenmitgliedern. Anschlie\u00dfend wurde der verstorbenen Mitglieder gedacht.<\/p>\n<p data-start=\"1126\" data-end=\"1416\">In seinem Bericht zog Thomas Debus eine positive Bilanz des vergangenen Vereinsjahres und gab einen Ausblick auf kommende Aktivit\u00e4ten. Besonders hervorgehoben wurde der <strong data-start=\"1295\" data-end=\"1328\">Tagesausflug am 27. Juni 2026<\/strong> nach Heist e.V., sowie die Fortsetzung des Jedermann-Tischtennisturnier.<\/p>\n<h3 data-start=\"1418\" data-end=\"1453\">Berichte der Abteilungsleiter<\/h3>\n<p data-start=\"1454\" data-end=\"1521\">Die einzelnen Abteilungsleiter aus R\u00fcckenfitness, Frauen-, Herren- und Seniorengymnastik, dam Athletiktraining und dem Mittwuchsclub\u00a0 berichteten \u00fcber ihre Aktivit\u00e4ten. Pilates muss derzeit leider entfallen, Ersatz f\u00fcr unsere Trainierin wird gesucht.<\/p>\n<p data-start=\"1714\" data-end=\"1921\">Auch die <strong data-start=\"1723\" data-end=\"1756\">Abteilung Alte Herren Fu\u00dfball<\/strong> und die <strong data-start=\"1765\" data-end=\"1784\">Jugendabteilung<\/strong> gaben Einblicke in ihre Arbeit.<br data-start=\"1816\" data-end=\"1819\" \/>Im Jugendbereich sind aktuell <strong data-start=\"1849\" data-end=\"1868\">13 Mannschaften<\/strong> in der Spielgemeinschaft aktiv.<br data-start=\"1900\" data-end=\"1903\" \/>Die JFG umfasst:<\/p>\n<ul data-start=\"1922\" data-end=\"2106\">\n<li data-start=\"1922\" data-end=\"1951\">\n<p data-start=\"1924\" data-end=\"1951\">U13 mit drei Mannschaften<\/p>\n<\/li>\n<li data-start=\"1952\" data-end=\"1981\">\n<p data-start=\"1954\" data-end=\"1981\">U15 mit zwei Mannschaften<\/p>\n<\/li>\n<li data-start=\"1982\" data-end=\"2106\">\n<p data-start=\"1984\" data-end=\"2106\">U17 mit einer Mannschaft<br data-start=\"2008\" data-end=\"2011\" \/>Zudem bestehen Spielgemeinschaften mit <strong data-start=\"2050\" data-end=\"2061\">H\u00f6sbach<\/strong> in den Altersklassen <strong data-start=\"2083\" data-end=\"2093\">U17 II<\/strong> und <strong data-start=\"2098\" data-end=\"2105\">U19<\/strong>.<\/p>\n<\/li>\n<\/ul>\n<h3 data-start=\"2108\" data-end=\"2142\">Kassenbericht und Entlastung<\/h3>\n<p data-start=\"2143\" data-end=\"2264\">Der Kassenbericht wurde von den Mitgliedern zur Kenntnis genommen, und die Vorstandschaft wurde <strong data-start=\"2239\" data-end=\"2263\">einstimmig entlastet<\/strong>.<\/p>\n<h3 data-start=\"2266\" data-end=\"2300\">Verabschiedung und Neuwahlen<\/h3>\n<p data-start=\"2301\" data-end=\"2519\">Vorsitzender Thomas Debus bedankte sich herzlich bei <strong data-start=\"2354\" data-end=\"2374\">Jens Schwarzrock<\/strong> f\u00fcr seinen langj\u00e4hrigen Einsatz als 2. Vorstand und 1. Finanzvorstand.<br data-start=\"2445\" data-end=\"2448\" \/>Als kleines Zeichen der Anerkennung wurde ihm ein Pr\u00e4sent \u00fcberreicht.<\/p>\n<p data-start=\"2521\" data-end=\"2688\">Im Rahmen der anschlie\u00dfenden Wahlen wurde <strong data-start=\"2563\" data-end=\"2581\">Marcus Baumann<\/strong> zum neuen Finanzvorstand gew\u00e4hlt.<br data-start=\"2615\" data-end=\"2618\" \/>Alle \u00fcbrigen Vorstandsmitglieder wurden in ihren \u00c4mtern <strong data-start=\"2674\" data-end=\"2687\">best\u00e4tigt<\/strong>.<\/p>\n<h3 data-start=\"2690\" data-end=\"2715\">W\u00fcnsche und Antr\u00e4ge<\/h3>\n<p data-start=\"2716\" data-end=\"2951\">Ein Antrag des Vorstands zur <strong data-start=\"2745\" data-end=\"2783\">Anschaffung eines neuen K\u00fchlhauses<\/strong> wurde den Mitgliedern vorgestellt und <strong data-start=\"2822\" data-end=\"2846\">einstimmig genehmigt<\/strong>.<br data-start=\"2847\" data-end=\"2850\" \/>Weitere Anregungen und W\u00fcnsche aus der Versammlung werden in der n\u00e4chsten Vorstandssitzung behandelt.<\/p>\n<p data-start=\"2953\" data-end=\"3069\">Zum Abschluss wurde traditionell das <strong data-start=\"2990\" data-end=\"3002\">DJK-Lied<\/strong> angestimmt.<br data-start=\"3014\" data-end=\"3017\" \/>Die harmonische Versammlung endete um <strong data-start=\"3055\" data-end=\"3068\">20:55 Uhr<\/strong>.<\/p>\n","protected":false},"excerpt":{"rendered":"<p>Am 07.11.2025 fand im Vereinsheim die diesj\u00e4hrige Generalversammlung statt. Insgesamt nahmen 21 Mitglieder teil. In angenehmer Atmosph\u00e4re bei Getr\u00e4nken und belegten Br\u00f6tchen wurde ein R\u00fcckblick auf das vergangene Jahr gegeben und die Weichen f\u00fcr die kommenden Monate gestellt. Die Stimmung war durchweg sehr gut und kameradschaftlich. Begr\u00fc\u00dfung Vorsitzender Thomas Debus er\u00f6ffnete die Versammlung und begr\u00fc\u00dfte [&hellip;]<\/p>\n","protected":false},"author":1,"featured_media":4764,"comment_status":"open","ping_status":"open","sticky":false,"template":"","format":"standard","meta":{"jetpack_post_was_ever_published":false,"_jetpack_newsletter_access":"","_jetpack_dont_email_post_to_subs":false,"_jetpack_newsletter_tier_id":0,"_jetpack_memberships_contains_paywalled_content":false,"footnotes":"","_jetpack_memberships_contains_paid_content":false,"jetpack_publicize_message":"","jetpack_publicize_feature_enabled":true,"jetpack_social_post_already_shared":true,"jetpack_social_options":{"image_generator_settings":{"template":"highway","enabled":false},"version":2}},"categories":[4],"tags":[],"jetpack_publicize_connections":[],"jetpack_featured_media_url":"https:\/\/i0.wp.com\/www.djk-wenighoesbach.de\/wp-content\/uploads\/2023\/11\/hofhammer-und-buecher-urteils-und-rechtskonzept-scaled.jpg?fit=2560%2C1707&ssl=1","jetpack_sharing_enabled":true,"jetpack_shortlink":"https:\/\/wp.me\/s6OzWC-5334","jetpack-related-posts":[],"jetpack_likes_enabled":true,"_links":{"self":[{"href":"https:\/\/www.djk-wenighoesbach.de\/index.php?rest_route=\/wp\/v2\/posts\/5334"}],"collection":[{"href":"https:\/\/www.djk-wenighoesbach.de\/index.php?rest_route=\/wp\/v2\/posts"}],"about":[{"href":"https:\/\/www.djk-wenighoesbach.de\/index.php?rest_route=\/wp\/v2\/types\/post"}],"author":[{"embeddable":true,"href":"https:\/\/www.djk-wenighoesbach.de\/index.php?rest_route=\/wp\/v2\/users\/1"}],"replies":[{"embeddable":true,"href":"https:\/\/www.djk-wenighoesbach.de\/index.php?rest_route=%2Fwp%2Fv2%2Fcomments&post=5334"}],"version-history":[{"count":3,"href":"https:\/\/www.djk-wenighoesbach.de\/index.php?rest_route=\/wp\/v2\/posts\/5334\/revisions"}],"predecessor-version":[{"id":5337,"href":"https:\/\/www.djk-wenighoesbach.de\/index.php?rest_route=\/wp\/v2\/posts\/5334\/revisions\/5337"}],"wp:featuredmedia":[{"embeddable":true,"href":"https:\/\/www.djk-wenighoesbach.de\/index.php?rest_route=\/wp\/v2\/media\/4764"}],"wp:attachment":[{"href":"https:\/\/www.djk-wenighoesbach.de\/index.php?rest_route=%2Fwp%2Fv2%2Fmedia&parent=5334"}],"wp:term":[{"taxonomy":"category","embeddable":true,"href":"https:\/\/www.djk-wenighoesbach.de\/index.php?rest_route=%2Fwp%2Fv2%2Fcategories&post=5334"},{"taxonomy":"post_tag","embeddable":true,"href":"https:\/\/www.djk-wenighoesbach.de\/index.php?rest_route=%2Fwp%2Fv2%2Ftags&post=5334"}],"curies":[{"name":"wp","href":"https:\/\/api.w.org\/{rel}","templated":true}]}}