{"id":5284,"date":"2025-08-26T05:36:15","date_gmt":"2025-08-26T04:36:15","guid":{"rendered":"https:\/\/www.djk-wenighoesbach.de\/?p=5284"},"modified":"2025-08-26T05:36:43","modified_gmt":"2025-08-26T04:36:43","slug":"die-djk-wenighoesbach-trauert-um-ihr-langjaehriges-mitglied","status":"publish","type":"post","link":"https:\/\/www.djk-wenighoesbach.de\/?p=5284","title":{"rendered":"Die DJK Wenigh\u00f6sbach trauert um ihr langj\u00e4hriges Mitglied"},"content":{"rendered":"<p data-start=\"138\" data-end=\"156\"><strong data-start=\"138\" data-end=\"154\">Franz Potyka<\/strong><\/p>\n<p data-start=\"158\" data-end=\"448\">Franz trat bereits 1964 in unseren Verein ein und war im selben Jahr Teil unserer 1. Mannschaft.<br data-start=\"254\" data-end=\"257\" \/>Von 1967 bis 1970 \u00fcbernahm er das Amt des Vereinskassiers.<br data-start=\"315\" data-end=\"318\" \/>Auch sp\u00e4ter brachte er sich mit gro\u00dfem Engagement im aktiven Arbeitseinsatz, insbesondere in der sogenannten Rentnergruppe, ein.<\/p>\n<p data-start=\"450\" data-end=\"583\">F\u00fcr seine Verdienste und seine Treue zum Verein wurde Franz im Jahr 2007 bei unserer Weihnachtsfeier zum <strong data-start=\"555\" data-end=\"572\">Ehrenmitglied<\/strong> ernannt.<\/p>\n<p data-start=\"585\" data-end=\"731\">Wir danken Franz f\u00fcr alles, was er f\u00fcr die DJK Wenigh\u00f6sbach geleistet hat.<br data-start=\"659\" data-end=\"662\" \/>Sein Wirken und seine Kameradschaft werden uns unvergessen bleiben.<\/p>\n<p data-start=\"733\" data-end=\"793\">Unser Mitgef\u00fchl gilt seiner Familie und allen Angeh\u00f6rigen.<\/p>\n","protected":false},"excerpt":{"rendered":"<p>Franz Potyka Franz trat bereits 1964 in unseren Verein ein und war im selben Jahr Teil unserer 1. Mannschaft.Von 1967 bis 1970 \u00fcbernahm er das Amt des Vereinskassiers.Auch sp\u00e4ter brachte er sich mit gro\u00dfem Engagement im aktiven Arbeitseinsatz, insbesondere in der sogenannten Rentnergruppe, ein. F\u00fcr seine Verdienste und seine Treue zum Verein wurde Franz im [&hellip;]<\/p>\n","protected":false},"author":1,"featured_media":5168,"comment_status":"open","ping_status":"open","sticky":false,"template":"","format":"standard","meta":{"jetpack_post_was_ever_published":false,"_jetpack_newsletter_access":"","_jetpack_dont_email_post_to_subs":false,"_jetpack_newsletter_tier_id":0,"_jetpack_memberships_contains_paywalled_content":false,"footnotes":"","_jetpack_memberships_contains_paid_content":false,"jetpack_publicize_message":"","jetpack_publicize_feature_enabled":true,"jetpack_social_post_already_shared":true,"jetpack_social_options":{"image_generator_settings":{"template":"highway","enabled":false},"version":2}},"categories":[22],"tags":[],"jetpack_publicize_connections":[],"jetpack_featured_media_url":"https:\/\/i0.wp.com\/www.djk-wenighoesbach.de\/wp-content\/uploads\/2024\/09\/resurrection-concept-crucifixion-jesus-christ-cross-sunset-scaled.jpg?fit=2560%2C1707&ssl=1","jetpack_sharing_enabled":true,"jetpack_shortlink":"https:\/\/wp.me\/p6OzWC-1ne","jetpack-related-posts":[],"jetpack_likes_enabled":true,"_links":{"self":[{"href":"https:\/\/www.djk-wenighoesbach.de\/index.php?rest_route=\/wp\/v2\/posts\/5284"}],"collection":[{"href":"https:\/\/www.djk-wenighoesbach.de\/index.php?rest_route=\/wp\/v2\/posts"}],"about":[{"href":"https:\/\/www.djk-wenighoesbach.de\/index.php?rest_route=\/wp\/v2\/types\/post"}],"author":[{"embeddable":true,"href":"https:\/\/www.djk-wenighoesbach.de\/index.php?rest_route=\/wp\/v2\/users\/1"}],"replies":[{"embeddable":true,"href":"https:\/\/www.djk-wenighoesbach.de\/index.php?rest_route=%2Fwp%2Fv2%2Fcomments&post=5284"}],"version-history":[{"count":1,"href":"https:\/\/www.djk-wenighoesbach.de\/index.php?rest_route=\/wp\/v2\/posts\/5284\/revisions"}],"predecessor-version":[{"id":5285,"href":"https:\/\/www.djk-wenighoesbach.de\/index.php?rest_route=\/wp\/v2\/posts\/5284\/revisions\/5285"}],"wp:featuredmedia":[{"embeddable":true,"href":"https:\/\/www.djk-wenighoesbach.de\/index.php?rest_route=\/wp\/v2\/media\/5168"}],"wp:attachment":[{"href":"https:\/\/www.djk-wenighoesbach.de\/index.php?rest_route=%2Fwp%2Fv2%2Fmedia&parent=5284"}],"wp:term":[{"taxonomy":"category","embeddable":true,"href":"https:\/\/www.djk-wenighoesbach.de\/index.php?rest_route=%2Fwp%2Fv2%2Fcategories&post=5284"},{"taxonomy":"post_tag","embeddable":true,"href":"https:\/\/www.djk-wenighoesbach.de\/index.php?rest_route=%2Fwp%2Fv2%2Ftags&post=5284"}],"curies":[{"name":"wp","href":"https:\/\/api.w.org\/{rel}","templated":true}]}}