{"id":5278,"date":"2025-08-06T09:11:49","date_gmt":"2025-08-06T08:11:49","guid":{"rendered":"https:\/\/www.djk-wenighoesbach.de\/?p=5278"},"modified":"2025-08-06T09:11:49","modified_gmt":"2025-08-06T08:11:49","slug":"wanderlust","status":"publish","type":"post","link":"https:\/\/www.djk-wenighoesbach.de\/?p=5278","title":{"rendered":"Wanderlust"},"content":{"rendered":"<p>*Einladung zur gemeinsamen Wanderung \u2013 DJK Wenigh\u00f6sbach &amp; Spessartbund*<\/p>\n<p>Liebe Vereinsmitglieder,<\/p>\n<p>am *Mittwoch, den 3. September 2025 um 18 Uhr* laden wir Euch herzlich zu einer gef\u00fchrten Wanderung mit dem *Spessartbund* ein. Unter dem Motto *\u201eVon &#8218;Joch&#8216; auf den Gr\u00e4fenberg\u201c* entdecken wir gemeinsam die Natur und Geschichte unserer Region.<\/p>\n<p>Startpunkt ist das Sportgel\u00e4nde der DJK Wenigh\u00f6sbach. Von dort f\u00fchrt uns die rund *7 km lange Strecke* mit etwa *150 H\u00f6henmetern* \u00fcber den M\u00fcnchberg und vorbei am Golfplatz zum geschichtstr\u00e4chtigen *Gr\u00e4fenberg*. Zum Ausklang treffen wir uns am Sportheim.<\/p>\n<p>*Treffpunkt:* Parkplatz DJK Wenigh\u00f6sbach<br \/>\n*Wegl\u00e4nge:* ca. 7 km, ca. 150 m Aufstieg<br \/>\n*Schlussrast:* Sportheim DJK Wenigh\u00f6sbach<br \/>\n*Wanderf\u00fchrer:* Burkhard Staab, Tel. 0163-2325819<br \/>\n*E-Mail:* burkhard_staab@web.de<\/p>\n<p>Diese Tour ist ideal f\u00fcr alle, die gerne drau\u00dfen unterwegs sind und etwas \u00fcber unsere sch\u00f6ne Heimat erfahren m\u00f6chten. Kommt mit Familie und Freunden \u2013 wir freuen uns auf viele Teilnehmer!<\/p>\n<p>Eure DJK Wenigh\u00f6sbach<\/p>\n","protected":false},"excerpt":{"rendered":"<p>*Einladung zur gemeinsamen Wanderung \u2013 DJK Wenigh\u00f6sbach &amp; Spessartbund* Liebe Vereinsmitglieder, am *Mittwoch, den 3. September 2025 um 18 Uhr* laden wir Euch herzlich zu einer gef\u00fchrten Wanderung mit dem *Spessartbund* ein. Unter dem Motto *\u201eVon &#8218;Joch&#8216; auf den Gr\u00e4fenberg\u201c* entdecken wir gemeinsam die Natur und Geschichte unserer Region. Startpunkt ist das Sportgel\u00e4nde der DJK [&hellip;]<\/p>\n","protected":false},"author":1,"featured_media":5279,"comment_status":"open","ping_status":"open","sticky":false,"template":"","format":"standard","meta":{"jetpack_post_was_ever_published":false,"_jetpack_newsletter_access":"","_jetpack_dont_email_post_to_subs":false,"_jetpack_newsletter_tier_id":0,"_jetpack_memberships_contains_paywalled_content":false,"footnotes":"","_jetpack_memberships_contains_paid_content":false,"jetpack_publicize_message":"","jetpack_publicize_feature_enabled":true,"jetpack_social_post_already_shared":true,"jetpack_social_options":{"image_generator_settings":{"template":"highway","enabled":false},"version":2}},"categories":[3],"tags":[],"jetpack_publicize_connections":[],"jetpack_featured_media_url":"https:\/\/i0.wp.com\/www.djk-wenighoesbach.de\/wp-content\/uploads\/2025\/08\/PHOTO-2025-07-29-18-31-01.jpeg?fit=551%2C243&ssl=1","jetpack_sharing_enabled":true,"jetpack_shortlink":"https:\/\/wp.me\/p6OzWC-1n8","jetpack-related-posts":[],"jetpack_likes_enabled":true,"_links":{"self":[{"href":"https:\/\/www.djk-wenighoesbach.de\/index.php?rest_route=\/wp\/v2\/posts\/5278"}],"collection":[{"href":"https:\/\/www.djk-wenighoesbach.de\/index.php?rest_route=\/wp\/v2\/posts"}],"about":[{"href":"https:\/\/www.djk-wenighoesbach.de\/index.php?rest_route=\/wp\/v2\/types\/post"}],"author":[{"embeddable":true,"href":"https:\/\/www.djk-wenighoesbach.de\/index.php?rest_route=\/wp\/v2\/users\/1"}],"replies":[{"embeddable":true,"href":"https:\/\/www.djk-wenighoesbach.de\/index.php?rest_route=%2Fwp%2Fv2%2Fcomments&post=5278"}],"version-history":[{"count":1,"href":"https:\/\/www.djk-wenighoesbach.de\/index.php?rest_route=\/wp\/v2\/posts\/5278\/revisions"}],"predecessor-version":[{"id":5280,"href":"https:\/\/www.djk-wenighoesbach.de\/index.php?rest_route=\/wp\/v2\/posts\/5278\/revisions\/5280"}],"wp:featuredmedia":[{"embeddable":true,"href":"https:\/\/www.djk-wenighoesbach.de\/index.php?rest_route=\/wp\/v2\/media\/5279"}],"wp:attachment":[{"href":"https:\/\/www.djk-wenighoesbach.de\/index.php?rest_route=%2Fwp%2Fv2%2Fmedia&parent=5278"}],"wp:term":[{"taxonomy":"category","embeddable":true,"href":"https:\/\/www.djk-wenighoesbach.de\/index.php?rest_route=%2Fwp%2Fv2%2Fcategories&post=5278"},{"taxonomy":"post_tag","embeddable":true,"href":"https:\/\/www.djk-wenighoesbach.de\/index.php?rest_route=%2Fwp%2Fv2%2Ftags&post=5278"}],"curies":[{"name":"wp","href":"https:\/\/api.w.org\/{rel}","templated":true}]}}