{"id":5233,"date":"2025-02-04T09:45:07","date_gmt":"2025-02-04T08:45:07","guid":{"rendered":"https:\/\/www.djk-wenighoesbach.de\/?p=5233"},"modified":"2025-02-04T09:45:07","modified_gmt":"2025-02-04T08:45:07","slug":"kinderfasching-2025","status":"publish","type":"post","link":"https:\/\/www.djk-wenighoesbach.de\/?p=5233","title":{"rendered":"Kinderfasching 2025"},"content":{"rendered":"<p><strong>Aschebersch Helau!<\/strong> Die Narrenzeit ist wieder da, und das bedeutet: Der <strong>Kinderfasching<\/strong> bei der DJK steht vor der T\u00fcr! Nach dem Erfolg von letztem Jahr wird unser Tobi auch dieses Mal richtig die <strong>Faschingshits<\/strong> zum Besten geben und die <strong>DJK-Nachwuchs-Party<\/strong> ordentlich zum Kochen bringen! Mit seiner Musik werden wir tanzen, singen und das ein oder andere lustige Spiel spielen \u2013 da bleibt niemand ruhig sitzen! Und nat\u00fcrlich: <strong>Tobi hat jede Menge S\u00fc\u00dfigkeiten<\/strong> dabei, also bereitet euch auf die ultimative Nasch-Explosion vor!<\/p>\n<p>Aber das ist noch nicht alles \u2013 dieses Jahr gibt es einen ganz besonderen H\u00f6hepunkt:<strong> Die Nachwuchs-Stadtgarde<\/strong> wird mit ihrem Auftritt f\u00fcr m\u00e4chtig Stimmung sorgen! Freut euch auf eine tolle Show, die euch das Staunen lehren wird!<\/p>\n<p>Also, zieht euch an, als g\u00e4be es kein Morgen, und lasst uns gemeinsam <strong>Faschingsdienstag um 13:61 Uhr<\/strong> die DJK erobern!<\/p>\n<p><strong>Tipp vom Pressewart:<\/strong> Wer als Verkleidungsvater auch mal eine Runde Schafkopf spielen m\u00f6chte, der wei\u00df \u2013 w\u00e4hrend Tobi die kleinen Energieb\u00fcndel auf Trab h\u00e4lt, k\u00f6nnen die Gro\u00dfen ganz entspannt &#8222;Katte kloppe&#8220;!<\/p>\n<p><a href=\"https:\/\/fb.me\/e\/29z16214c\">Hier geht`s zur Veranstaltung<\/a><\/p>\n<div style=\"width: 1480px;\" class=\"wp-video\"><!--[if lt IE 9]><script>document.createElement('video');<\/script><![endif]-->\n<video class=\"wp-video-shortcode\" id=\"video-5233-1\" width=\"1480\" height=\"1916\" preload=\"metadata\" controls=\"controls\"><source type=\"video\/mp4\" src=\"http:\/\/www.djk-wenighoesbach.de\/wp-content\/uploads\/2025\/02\/Kinderfasching-mit-Stadtgarde-animiert.mp4?_=1\" \/><a href=\"http:\/\/www.djk-wenighoesbach.de\/wp-content\/uploads\/2025\/02\/Kinderfasching-mit-Stadtgarde-animiert.mp4\">http:\/\/www.djk-wenighoesbach.de\/wp-content\/uploads\/2025\/02\/Kinderfasching-mit-Stadtgarde-animiert.mp4<\/a><\/video><\/div>\n","protected":false},"excerpt":{"rendered":"<p>Aschebersch Helau! Die Narrenzeit ist wieder da, und das bedeutet: Der Kinderfasching bei der DJK steht vor der T\u00fcr! Nach dem Erfolg von letztem Jahr wird unser Tobi auch dieses Mal richtig die Faschingshits zum Besten geben und die DJK-Nachwuchs-Party ordentlich zum Kochen bringen! Mit seiner Musik werden wir tanzen, singen und das ein oder [&hellip;]<\/p>\n","protected":false},"author":1,"featured_media":5234,"comment_status":"open","ping_status":"open","sticky":false,"template":"","format":"standard","meta":{"jetpack_post_was_ever_published":false,"_jetpack_newsletter_access":"","_jetpack_dont_email_post_to_subs":false,"_jetpack_newsletter_tier_id":0,"_jetpack_memberships_contains_paywalled_content":false,"footnotes":"","_jetpack_memberships_contains_paid_content":false,"jetpack_publicize_message":"","jetpack_publicize_feature_enabled":true,"jetpack_social_post_already_shared":true,"jetpack_social_options":{"image_generator_settings":{"template":"highway","enabled":false},"version":2}},"categories":[15],"tags":[],"jetpack_publicize_connections":[],"jetpack_featured_media_url":"https:\/\/i0.wp.com\/www.djk-wenighoesbach.de\/wp-content\/uploads\/2025\/02\/PHOTO-2025-02-03-17-42-36.jpg?fit=989%2C1280&ssl=1","jetpack_sharing_enabled":true,"jetpack_shortlink":"https:\/\/wp.me\/p6OzWC-1mp","jetpack-related-posts":[],"jetpack_likes_enabled":true,"_links":{"self":[{"href":"https:\/\/www.djk-wenighoesbach.de\/index.php?rest_route=\/wp\/v2\/posts\/5233"}],"collection":[{"href":"https:\/\/www.djk-wenighoesbach.de\/index.php?rest_route=\/wp\/v2\/posts"}],"about":[{"href":"https:\/\/www.djk-wenighoesbach.de\/index.php?rest_route=\/wp\/v2\/types\/post"}],"author":[{"embeddable":true,"href":"https:\/\/www.djk-wenighoesbach.de\/index.php?rest_route=\/wp\/v2\/users\/1"}],"replies":[{"embeddable":true,"href":"https:\/\/www.djk-wenighoesbach.de\/index.php?rest_route=%2Fwp%2Fv2%2Fcomments&post=5233"}],"version-history":[{"count":2,"href":"https:\/\/www.djk-wenighoesbach.de\/index.php?rest_route=\/wp\/v2\/posts\/5233\/revisions"}],"predecessor-version":[{"id":5237,"href":"https:\/\/www.djk-wenighoesbach.de\/index.php?rest_route=\/wp\/v2\/posts\/5233\/revisions\/5237"}],"wp:featuredmedia":[{"embeddable":true,"href":"https:\/\/www.djk-wenighoesbach.de\/index.php?rest_route=\/wp\/v2\/media\/5234"}],"wp:attachment":[{"href":"https:\/\/www.djk-wenighoesbach.de\/index.php?rest_route=%2Fwp%2Fv2%2Fmedia&parent=5233"}],"wp:term":[{"taxonomy":"category","embeddable":true,"href":"https:\/\/www.djk-wenighoesbach.de\/index.php?rest_route=%2Fwp%2Fv2%2Fcategories&post=5233"},{"taxonomy":"post_tag","embeddable":true,"href":"https:\/\/www.djk-wenighoesbach.de\/index.php?rest_route=%2Fwp%2Fv2%2Ftags&post=5233"}],"curies":[{"name":"wp","href":"https:\/\/api.w.org\/{rel}","templated":true}]}}