{"id":512,"date":"2010-08-06T06:56:23","date_gmt":"2010-08-06T06:56:23","guid":{"rendered":"http:\/\/www.djk-wenighoesbach.de\/?p=512"},"modified":"2010-08-06T06:56:42","modified_gmt":"2010-08-06T06:56:42","slug":"rundenstart","status":"publish","type":"post","link":"https:\/\/www.djk-wenighoesbach.de\/?p=512","title":{"rendered":"Rundenstart"},"content":{"rendered":"<p>Die ersten Spiele am Sonntag, den 08.08.2010<\/p>\n<p> 13:00 Uhr: <strong>SV H\u00f6rstein 2 &#8211;  DJK 2<br \/>\n <\/strong>15:00 Uhr: <strong>Bavaria Wiesen  &#8211;  DJK 1<\/strong><\/p>\n<p>Am Sonntag, den 8.8.2010 beginnt die Verbandsrunde 2010\/2011. Die Erste spielt in der starken Gruppe A2, in der Ortsnachbarn und Mannschaften aus dem oberen Kahlgrund sowie der TV Aschaffenburg vertreten sind. F\u00fcr die erste Mannschaft ist nat\u00fcrlich wieder der Klassenerhalt oberstes Ziel.  F\u00fcr die zweite Mannschaft gilt es dieses Mal nicht nur alle Spiele zu absolvieren, sondern einen Platz im oberen Mittelfeld anzustreben.<\/p>\n<p>Bei Rundenbeginn sind wir leider mal wieder personell geschw\u00e4cht, weil einige Akteure verletzt oder im Urlaub sind. Bleibt zu hoffen, dass der Rest der Ersten mit dem neuen Trainer Karl Szkrab gerade in den ersten Spielen gegen starke Gegner sich achtbar schl\u00e4gt und gut aus den Startl\u00f6chern kommt.<\/p>\n<p>Im ersten Spiel in Wiesen wird dies zwar nicht einfach. Aber hoffen wir, dass Einstellung und Einsatz stimmen, dann ist nichts unm\u00f6glich.<\/p>\n<p>Beim Spiel der Zweiten in H\u00f6rstein h\u00e4ngt fast alles von der zur Verf\u00fcgung stehenden Besatzung ab.<\/p>\n<p> Do, 12.08.2010, 18:30 Uhr: <strong>DJK 2  &#8211;  TSV Mainaschaff 2<\/strong><\/p>\n<p>Auf Grund zahlreicher Taubertal-Festival-Fahrer ist die Erste am zweiten Spieltag spielfrei, die Zweite hat ein vorgezogenes Heimspiel gegen Mainaschaff.<\/p>\n","protected":false},"excerpt":{"rendered":"<p>Die ersten Spiele am Sonntag, den 08.08.2010 13:00 Uhr: SV H\u00f6rstein 2 &#8211; DJK 2 15:00 Uhr: Bavaria Wiesen &#8211; DJK 1 Am Sonntag, den 8.8.2010 beginnt die Verbandsrunde 2010\/2011. Die Erste spielt in der starken Gruppe A2, in der Ortsnachbarn und Mannschaften aus dem oberen Kahlgrund sowie der TV Aschaffenburg vertreten sind. F\u00fcr die [&hellip;]<\/p>\n","protected":false},"author":1,"featured_media":0,"comment_status":"open","ping_status":"open","sticky":false,"template":"","format":"standard","meta":{"jetpack_post_was_ever_published":false,"_jetpack_newsletter_access":"","_jetpack_dont_email_post_to_subs":false,"_jetpack_newsletter_tier_id":0,"_jetpack_memberships_contains_paywalled_content":false,"footnotes":"","_jetpack_memberships_contains_paid_content":false,"jetpack_publicize_message":"","jetpack_publicize_feature_enabled":true,"jetpack_social_post_already_shared":false,"jetpack_social_options":{"image_generator_settings":{"template":"highway","enabled":false},"version":2}},"categories":[5],"tags":[],"jetpack_publicize_connections":[],"jetpack_featured_media_url":"","jetpack_sharing_enabled":true,"jetpack_shortlink":"https:\/\/wp.me\/p6OzWC-8g","jetpack-related-posts":[],"jetpack_likes_enabled":true,"_links":{"self":[{"href":"https:\/\/www.djk-wenighoesbach.de\/index.php?rest_route=\/wp\/v2\/posts\/512"}],"collection":[{"href":"https:\/\/www.djk-wenighoesbach.de\/index.php?rest_route=\/wp\/v2\/posts"}],"about":[{"href":"https:\/\/www.djk-wenighoesbach.de\/index.php?rest_route=\/wp\/v2\/types\/post"}],"author":[{"embeddable":true,"href":"https:\/\/www.djk-wenighoesbach.de\/index.php?rest_route=\/wp\/v2\/users\/1"}],"replies":[{"embeddable":true,"href":"https:\/\/www.djk-wenighoesbach.de\/index.php?rest_route=%2Fwp%2Fv2%2Fcomments&post=512"}],"version-history":[{"count":3,"href":"https:\/\/www.djk-wenighoesbach.de\/index.php?rest_route=\/wp\/v2\/posts\/512\/revisions"}],"predecessor-version":[{"id":515,"href":"https:\/\/www.djk-wenighoesbach.de\/index.php?rest_route=\/wp\/v2\/posts\/512\/revisions\/515"}],"wp:attachment":[{"href":"https:\/\/www.djk-wenighoesbach.de\/index.php?rest_route=%2Fwp%2Fv2%2Fmedia&parent=512"}],"wp:term":[{"taxonomy":"category","embeddable":true,"href":"https:\/\/www.djk-wenighoesbach.de\/index.php?rest_route=%2Fwp%2Fv2%2Fcategories&post=512"},{"taxonomy":"post_tag","embeddable":true,"href":"https:\/\/www.djk-wenighoesbach.de\/index.php?rest_route=%2Fwp%2Fv2%2Ftags&post=512"}],"curies":[{"name":"wp","href":"https:\/\/api.w.org\/{rel}","templated":true}]}}