{"id":5020,"date":"2024-01-29T20:39:12","date_gmt":"2024-01-29T19:39:12","guid":{"rendered":"http:\/\/www.djk-wenighoesbach.de\/?p=5020"},"modified":"2024-01-29T20:39:12","modified_gmt":"2024-01-29T19:39:12","slug":"dont-forget","status":"publish","type":"post","link":"https:\/\/www.djk-wenighoesbach.de\/?p=5020","title":{"rendered":"Don`t forget!!!"},"content":{"rendered":"<p>Das &#8222;Grande Finale&#8220; der Faschingszeit r\u00fcckt immer N\u00e4her.<\/p>\n<p>Blockt eure Kalender f\u00fcr zwei n\u00e4rrische Events bei der DJK!<\/p>\n<p>Der <a href=\"https:\/\/fb.me\/e\/4JJxia6x1\" target=\"_blank\" rel=\"noopener\">Kinderfasching<\/a> steigt am 13.02. um 13:61<\/p>\n<div style=\"width: 740px;\" class=\"wp-video\"><!--[if lt IE 9]><script>document.createElement('video');<\/script><![endif]-->\n<video class=\"wp-video-shortcode\" id=\"video-5020-1\" width=\"740\" height=\"858\" poster=\"http:\/\/www.djk-wenighoesbach.de\/wp-content\/uploads\/2024\/01\/Kinderfasching.jpg\" loop=\"1\" autoplay=\"1\" preload=\"metadata\" controls=\"controls\"><source type=\"video\/mp4\" src=\"http:\/\/www.djk-wenighoesbach.de\/wp-content\/uploads\/2024\/01\/Kinderfasching-Animiert.mp4?_=1\" \/><a href=\"http:\/\/www.djk-wenighoesbach.de\/wp-content\/uploads\/2024\/01\/Kinderfasching-Animiert.mp4\">http:\/\/www.djk-wenighoesbach.de\/wp-content\/uploads\/2024\/01\/Kinderfasching-Animiert.mp4<\/a><\/video><\/div>\n<p>und beim <a href=\"https:\/\/fb.me\/e\/5ips9389j\" target=\"_blank\" rel=\"noopener\">Faschingsausklang<\/a> 14.02. um 16:00 gibt es Heringssalat und runde Krummbern.<\/p>\n<div style=\"width: 1354px;\" class=\"wp-video\"><video class=\"wp-video-shortcode\" id=\"video-5020-2\" width=\"1354\" height=\"1916\" poster=\"http:\/\/www.djk-wenighoesbach.de\/wp-content\/uploads\/2024\/01\/Aschermittwoch.jpg\" loop=\"1\" autoplay=\"1\" preload=\"metadata\" controls=\"controls\"><source type=\"video\/mp4\" src=\"http:\/\/www.djk-wenighoesbach.de\/wp-content\/uploads\/2024\/01\/Aschermittwoch-Animiert.mp4?_=2\" \/><a href=\"http:\/\/www.djk-wenighoesbach.de\/wp-content\/uploads\/2024\/01\/Aschermittwoch-Animiert.mp4\">http:\/\/www.djk-wenighoesbach.de\/wp-content\/uploads\/2024\/01\/Aschermittwoch-Animiert.mp4<\/a><\/video><\/div>\n<p>&nbsp;<\/p>\n","protected":false},"excerpt":{"rendered":"<p>Das &#8222;Grande Finale&#8220; der Faschingszeit r\u00fcckt immer N\u00e4her. Blockt eure Kalender f\u00fcr zwei n\u00e4rrische Events bei der DJK! Der Kinderfasching steigt am 13.02. um 13:61 und beim Faschingsausklang 14.02. um 16:00 gibt es Heringssalat und runde Krummbern. &nbsp;<\/p>\n","protected":false},"author":1,"featured_media":5025,"comment_status":"open","ping_status":"open","sticky":false,"template":"","format":"standard","meta":{"jetpack_post_was_ever_published":false,"_jetpack_newsletter_access":"","_jetpack_dont_email_post_to_subs":false,"_jetpack_newsletter_tier_id":0,"_jetpack_memberships_contains_paywalled_content":false,"footnotes":"","_jetpack_memberships_contains_paid_content":false,"jetpack_publicize_message":"","jetpack_publicize_feature_enabled":true,"jetpack_social_post_already_shared":true,"jetpack_social_options":{"image_generator_settings":{"template":"highway","enabled":false},"version":2}},"categories":[15,1],"tags":[],"jetpack_publicize_connections":[],"jetpack_featured_media_url":"https:\/\/i0.wp.com\/www.djk-wenighoesbach.de\/wp-content\/uploads\/2024\/01\/bunter-partyaufbau-mit-konfetti-scaled-e1706557077120.jpg?fit=1706%2C1527&ssl=1","jetpack_sharing_enabled":true,"jetpack_shortlink":"https:\/\/wp.me\/p6OzWC-1iY","jetpack-related-posts":[],"jetpack_likes_enabled":true,"_links":{"self":[{"href":"https:\/\/www.djk-wenighoesbach.de\/index.php?rest_route=\/wp\/v2\/posts\/5020"}],"collection":[{"href":"https:\/\/www.djk-wenighoesbach.de\/index.php?rest_route=\/wp\/v2\/posts"}],"about":[{"href":"https:\/\/www.djk-wenighoesbach.de\/index.php?rest_route=\/wp\/v2\/types\/post"}],"author":[{"embeddable":true,"href":"https:\/\/www.djk-wenighoesbach.de\/index.php?rest_route=\/wp\/v2\/users\/1"}],"replies":[{"embeddable":true,"href":"https:\/\/www.djk-wenighoesbach.de\/index.php?rest_route=%2Fwp%2Fv2%2Fcomments&post=5020"}],"version-history":[{"count":2,"href":"https:\/\/www.djk-wenighoesbach.de\/index.php?rest_route=\/wp\/v2\/posts\/5020\/revisions"}],"predecessor-version":[{"id":5024,"href":"https:\/\/www.djk-wenighoesbach.de\/index.php?rest_route=\/wp\/v2\/posts\/5020\/revisions\/5024"}],"wp:featuredmedia":[{"embeddable":true,"href":"https:\/\/www.djk-wenighoesbach.de\/index.php?rest_route=\/wp\/v2\/media\/5025"}],"wp:attachment":[{"href":"https:\/\/www.djk-wenighoesbach.de\/index.php?rest_route=%2Fwp%2Fv2%2Fmedia&parent=5020"}],"wp:term":[{"taxonomy":"category","embeddable":true,"href":"https:\/\/www.djk-wenighoesbach.de\/index.php?rest_route=%2Fwp%2Fv2%2Fcategories&post=5020"},{"taxonomy":"post_tag","embeddable":true,"href":"https:\/\/www.djk-wenighoesbach.de\/index.php?rest_route=%2Fwp%2Fv2%2Ftags&post=5020"}],"curies":[{"name":"wp","href":"https:\/\/api.w.org\/{rel}","templated":true}]}}