{"id":4875,"date":"2024-01-18T10:08:25","date_gmt":"2024-01-18T09:08:25","guid":{"rendered":"http:\/\/www.djk-wenighoesbach.de\/?p=4875"},"modified":"2024-01-18T10:47:12","modified_gmt":"2024-01-18T09:47:12","slug":"kinderfasching-2024","status":"publish","type":"post","link":"https:\/\/www.djk-wenighoesbach.de\/?p=4875","title":{"rendered":"Kinderfasching 2024"},"content":{"rendered":"<p>H<a href=\"http:\/\/www.djk-wenighoesbach.de\/?attachment_id=4876\" rel=\"attachment wp-att-4876\"><img loading=\"lazy\" decoding=\"async\" data-attachment-id=\"4876\" data-permalink=\"https:\/\/www.djk-wenighoesbach.de\/?attachment_id=4876\" data-orig-file=\"https:\/\/i0.wp.com\/www.djk-wenighoesbach.de\/wp-content\/uploads\/2024\/01\/Kinderfasching.jpg?fit=695%2C900&amp;ssl=1\" data-orig-size=\"695,900\" data-comments-opened=\"1\" data-image-meta=\"{&quot;aperture&quot;:&quot;0&quot;,&quot;credit&quot;:&quot;&quot;,&quot;camera&quot;:&quot;&quot;,&quot;caption&quot;:&quot;&quot;,&quot;created_timestamp&quot;:&quot;0&quot;,&quot;copyright&quot;:&quot;&quot;,&quot;focal_length&quot;:&quot;0&quot;,&quot;iso&quot;:&quot;0&quot;,&quot;shutter_speed&quot;:&quot;0&quot;,&quot;title&quot;:&quot;&quot;,&quot;orientation&quot;:&quot;0&quot;}\" data-image-title=\"Kinderfasching\" data-image-description=\"\" data-image-caption=\"\" data-medium-file=\"https:\/\/i0.wp.com\/www.djk-wenighoesbach.de\/wp-content\/uploads\/2024\/01\/Kinderfasching.jpg?fit=232%2C300&amp;ssl=1\" data-large-file=\"https:\/\/i0.wp.com\/www.djk-wenighoesbach.de\/wp-content\/uploads\/2024\/01\/Kinderfasching.jpg?fit=695%2C900&amp;ssl=1\" tabindex=\"0\" role=\"button\" class=\"alignleft size-medium wp-image-4876\" src=\"https:\/\/i0.wp.com\/www.djk-wenighoesbach.de\/wp-content\/uploads\/2024\/01\/Kinderfasching.jpg?resize=232%2C300\" alt=\"\" width=\"232\" height=\"300\" srcset=\"https:\/\/i0.wp.com\/www.djk-wenighoesbach.de\/wp-content\/uploads\/2024\/01\/Kinderfasching.jpg?resize=232%2C300&amp;ssl=1 232w, https:\/\/i0.wp.com\/www.djk-wenighoesbach.de\/wp-content\/uploads\/2024\/01\/Kinderfasching.jpg?w=695&amp;ssl=1 695w\" sizes=\"(max-width: 232px) 100vw, 232px\" data-recalc-dims=\"1\" \/><\/a>ip-Hip-Hurra die Narrenzeit ist wieder da und der allj\u00e4hrliche Kinderfasching steht an. Nachdem sich unser Tobi im letzten Jahr mehr als bew\u00e4hrt hat, wird er auch dieses Jahr dem DJK Nachwuchs Faschingshits um die Ohren hauen. Es wird getanzt, gesungen und gespielt. Au\u00dferdem verspricht Tobi viele, viele S\u00fc\u00dfigkeiten.<br \/>\nAlso verkleidet euch als g\u00e4be es kein Morgen und lasst euch am Faschingsdienstag um 13:61 zur DJK bringen.<\/p>\n<p><strong>Geheimtip des Pressewarts:<\/strong> Verkleidete V\u00e4ter waren dort auch schon bei einer Runde Schafkopf anzutreffen, w\u00e4hrend Tobi die Kleinen auspowert.<\/p>\n<p><a href=\"https:\/\/www.facebook.com\/events\/1429196824675457\/\">Hier geht\u00b4s zur Veranstaltung<\/a><\/p>\n","protected":false},"excerpt":{"rendered":"<p>Hip-Hip-Hurra die Narrenzeit ist wieder da und der allj\u00e4hrliche Kinderfasching steht an. Nachdem sich unser Tobi im letzten Jahr mehr als bew\u00e4hrt hat, wird er auch dieses Jahr dem DJK Nachwuchs Faschingshits um die Ohren hauen. Es wird getanzt, gesungen und gespielt. Au\u00dferdem verspricht Tobi viele, viele S\u00fc\u00dfigkeiten. Also verkleidet euch als g\u00e4be es kein [&hellip;]<\/p>\n","protected":false},"author":1,"featured_media":4876,"comment_status":"open","ping_status":"open","sticky":false,"template":"","format":"standard","meta":{"jetpack_post_was_ever_published":false,"_jetpack_newsletter_access":"","_jetpack_dont_email_post_to_subs":false,"_jetpack_newsletter_tier_id":0,"_jetpack_memberships_contains_paywalled_content":false,"footnotes":"","_jetpack_memberships_contains_paid_content":false,"jetpack_publicize_message":"","jetpack_publicize_feature_enabled":true,"jetpack_social_post_already_shared":true,"jetpack_social_options":{"image_generator_settings":{"template":"highway","enabled":false},"version":2}},"categories":[15],"tags":[],"jetpack_publicize_connections":[],"jetpack_featured_media_url":"https:\/\/i0.wp.com\/www.djk-wenighoesbach.de\/wp-content\/uploads\/2024\/01\/Kinderfasching.jpg?fit=695%2C900&ssl=1","jetpack_sharing_enabled":true,"jetpack_shortlink":"https:\/\/wp.me\/p6OzWC-1gD","jetpack-related-posts":[],"jetpack_likes_enabled":true,"_links":{"self":[{"href":"https:\/\/www.djk-wenighoesbach.de\/index.php?rest_route=\/wp\/v2\/posts\/4875"}],"collection":[{"href":"https:\/\/www.djk-wenighoesbach.de\/index.php?rest_route=\/wp\/v2\/posts"}],"about":[{"href":"https:\/\/www.djk-wenighoesbach.de\/index.php?rest_route=\/wp\/v2\/types\/post"}],"author":[{"embeddable":true,"href":"https:\/\/www.djk-wenighoesbach.de\/index.php?rest_route=\/wp\/v2\/users\/1"}],"replies":[{"embeddable":true,"href":"https:\/\/www.djk-wenighoesbach.de\/index.php?rest_route=%2Fwp%2Fv2%2Fcomments&post=4875"}],"version-history":[{"count":2,"href":"https:\/\/www.djk-wenighoesbach.de\/index.php?rest_route=\/wp\/v2\/posts\/4875\/revisions"}],"predecessor-version":[{"id":4880,"href":"https:\/\/www.djk-wenighoesbach.de\/index.php?rest_route=\/wp\/v2\/posts\/4875\/revisions\/4880"}],"wp:featuredmedia":[{"embeddable":true,"href":"https:\/\/www.djk-wenighoesbach.de\/index.php?rest_route=\/wp\/v2\/media\/4876"}],"wp:attachment":[{"href":"https:\/\/www.djk-wenighoesbach.de\/index.php?rest_route=%2Fwp%2Fv2%2Fmedia&parent=4875"}],"wp:term":[{"taxonomy":"category","embeddable":true,"href":"https:\/\/www.djk-wenighoesbach.de\/index.php?rest_route=%2Fwp%2Fv2%2Fcategories&post=4875"},{"taxonomy":"post_tag","embeddable":true,"href":"https:\/\/www.djk-wenighoesbach.de\/index.php?rest_route=%2Fwp%2Fv2%2Ftags&post=4875"}],"curies":[{"name":"wp","href":"https:\/\/api.w.org\/{rel}","templated":true}]}}