{"id":4864,"date":"2024-01-09T17:00:19","date_gmt":"2024-01-09T16:00:19","guid":{"rendered":"http:\/\/www.djk-wenighoesbach.de\/?p=4864"},"modified":"2024-01-09T17:01:03","modified_gmt":"2024-01-09T16:01:03","slug":"verspaeteter-silvester-kracher","status":"publish","type":"post","link":"https:\/\/www.djk-wenighoesbach.de\/?p=4864","title":{"rendered":"Versp\u00e4teter Silvester-Kracher"},"content":{"rendered":"<p>Eine<a href=\"http:\/\/www.djk-wenighoesbach.de\/?attachment_id=4865\" rel=\"attachment wp-att-4865\"><img loading=\"lazy\" decoding=\"async\" data-attachment-id=\"4865\" data-permalink=\"https:\/\/www.djk-wenighoesbach.de\/?attachment_id=4865\" data-orig-file=\"https:\/\/i0.wp.com\/www.djk-wenighoesbach.de\/wp-content\/uploads\/2024\/01\/PHOTO-2024-01-06-21-12-55.jpg?fit=832%2C590&amp;ssl=1\" data-orig-size=\"832,590\" data-comments-opened=\"1\" data-image-meta=\"{&quot;aperture&quot;:&quot;0&quot;,&quot;credit&quot;:&quot;&quot;,&quot;camera&quot;:&quot;&quot;,&quot;caption&quot;:&quot;&quot;,&quot;created_timestamp&quot;:&quot;0&quot;,&quot;copyright&quot;:&quot;&quot;,&quot;focal_length&quot;:&quot;0&quot;,&quot;iso&quot;:&quot;0&quot;,&quot;shutter_speed&quot;:&quot;0&quot;,&quot;title&quot;:&quot;&quot;,&quot;orientation&quot;:&quot;0&quot;}\" data-image-title=\"PHOTO-2024-01-06-21-12-55\" data-image-description=\"\" data-image-caption=\"\" data-medium-file=\"https:\/\/i0.wp.com\/www.djk-wenighoesbach.de\/wp-content\/uploads\/2024\/01\/PHOTO-2024-01-06-21-12-55.jpg?fit=300%2C213&amp;ssl=1\" data-large-file=\"https:\/\/i0.wp.com\/www.djk-wenighoesbach.de\/wp-content\/uploads\/2024\/01\/PHOTO-2024-01-06-21-12-55.jpg?fit=832%2C590&amp;ssl=1\" tabindex=\"0\" role=\"button\" class=\"alignleft size-medium wp-image-4865\" src=\"https:\/\/i0.wp.com\/www.djk-wenighoesbach.de\/wp-content\/uploads\/2024\/01\/PHOTO-2024-01-06-21-12-55.jpg?resize=300%2C213\" alt=\"\" width=\"300\" height=\"213\" srcset=\"https:\/\/i0.wp.com\/www.djk-wenighoesbach.de\/wp-content\/uploads\/2024\/01\/PHOTO-2024-01-06-21-12-55.jpg?resize=300%2C213&amp;ssl=1 300w, https:\/\/i0.wp.com\/www.djk-wenighoesbach.de\/wp-content\/uploads\/2024\/01\/PHOTO-2024-01-06-21-12-55.jpg?resize=768%2C545&amp;ssl=1 768w, https:\/\/i0.wp.com\/www.djk-wenighoesbach.de\/wp-content\/uploads\/2024\/01\/PHOTO-2024-01-06-21-12-55.jpg?w=832&amp;ssl=1 832w\" sizes=\"(max-width: 300px) 100vw, 300px\" data-recalc-dims=\"1\" \/><\/a>n \u00dcberraschungserfolg konnte am vergangenen Samstag unsere U17 bei der Hallenkreismeisterschaft in Mainschaff einfahren.<\/p>\n<p>Als Gruppenzweiter mit 7 Punkten und 4:3 Toren erreichten wir das Halbfinale.<\/p>\n<p>Dort traf unser Team auf den Turnierfavoriten Spvgg H\u00f6sbach-Bahnhof.<br \/>\nMit einer in der Defensive taktisch \u00fcberragenden Leistung der gesamten Mannschaft lie\u00dfen wir kaum Torchancen zu<br \/>\nund hatten durch einen Konter sogar den Siegtreffer auf dem Fu\u00df.<\/p>\n<p>Mit einem 0:0 ging es ins 6-Meter-Schie\u00dfen, in dem unsere Jungs k\u00fchlen Kopf bewahrten, mit 4:2 siegten und \u00fcberraschend ins Finale einzogen.<\/p>\n<p>Im Endspiel kam es zum Derby gegen die SG Unterafferbach.<br \/>\nNach einem ausgeglichenen Finalspiel hie\u00df es auch hier nach regul\u00e4rer Spielzeit 0:0<br \/>\nund das 6-Meter-Schie\u00dfen musste die Entscheidung bringen.<br \/>\nWie bereits im Halbfinale bewiesen unsere Jungs wieder Nervenst\u00e4rke und siegten mit 6:5.<\/p>\n<p>Mit der Finalteilnahme haben wir uns zusammen mit der SG Unterafferbach f\u00fcr das Bezirksfinale<br \/>\nam kommenden Sonntag 14.01.2024 in Rimpar (Kreis W\u00fcrzburg) qualifiziert und vertreten dort den Kreis Aschaffenburg.<\/p>\n<p>Ein \u00fcberragender Erfolg unserer jungen Mannschaft.<\/p>\n","protected":false},"excerpt":{"rendered":"<p>Einen \u00dcberraschungserfolg konnte am vergangenen Samstag unsere U17 bei der Hallenkreismeisterschaft in Mainschaff einfahren. Als Gruppenzweiter mit 7 Punkten und 4:3 Toren erreichten wir das Halbfinale. Dort traf unser Team auf den Turnierfavoriten Spvgg H\u00f6sbach-Bahnhof. Mit einer in der Defensive taktisch \u00fcberragenden Leistung der gesamten Mannschaft lie\u00dfen wir kaum Torchancen zu und hatten durch einen [&hellip;]<\/p>\n","protected":false},"author":1,"featured_media":4865,"comment_status":"open","ping_status":"open","sticky":false,"template":"","format":"standard","meta":{"jetpack_post_was_ever_published":false,"_jetpack_newsletter_access":"","_jetpack_dont_email_post_to_subs":false,"_jetpack_newsletter_tier_id":0,"_jetpack_memberships_contains_paywalled_content":false,"footnotes":"","_jetpack_memberships_contains_paid_content":false,"jetpack_publicize_message":"","jetpack_publicize_feature_enabled":true,"jetpack_social_post_already_shared":true,"jetpack_social_options":{"image_generator_settings":{"template":"highway","enabled":false},"version":2}},"categories":[5,8,7],"tags":[],"jetpack_publicize_connections":[],"jetpack_featured_media_url":"https:\/\/i0.wp.com\/www.djk-wenighoesbach.de\/wp-content\/uploads\/2024\/01\/PHOTO-2024-01-06-21-12-55.jpg?fit=832%2C590&ssl=1","jetpack_sharing_enabled":true,"jetpack_shortlink":"https:\/\/wp.me\/p6OzWC-1gs","jetpack-related-posts":[],"jetpack_likes_enabled":true,"_links":{"self":[{"href":"https:\/\/www.djk-wenighoesbach.de\/index.php?rest_route=\/wp\/v2\/posts\/4864"}],"collection":[{"href":"https:\/\/www.djk-wenighoesbach.de\/index.php?rest_route=\/wp\/v2\/posts"}],"about":[{"href":"https:\/\/www.djk-wenighoesbach.de\/index.php?rest_route=\/wp\/v2\/types\/post"}],"author":[{"embeddable":true,"href":"https:\/\/www.djk-wenighoesbach.de\/index.php?rest_route=\/wp\/v2\/users\/1"}],"replies":[{"embeddable":true,"href":"https:\/\/www.djk-wenighoesbach.de\/index.php?rest_route=%2Fwp%2Fv2%2Fcomments&post=4864"}],"version-history":[{"count":2,"href":"https:\/\/www.djk-wenighoesbach.de\/index.php?rest_route=\/wp\/v2\/posts\/4864\/revisions"}],"predecessor-version":[{"id":4867,"href":"https:\/\/www.djk-wenighoesbach.de\/index.php?rest_route=\/wp\/v2\/posts\/4864\/revisions\/4867"}],"wp:featuredmedia":[{"embeddable":true,"href":"https:\/\/www.djk-wenighoesbach.de\/index.php?rest_route=\/wp\/v2\/media\/4865"}],"wp:attachment":[{"href":"https:\/\/www.djk-wenighoesbach.de\/index.php?rest_route=%2Fwp%2Fv2%2Fmedia&parent=4864"}],"wp:term":[{"taxonomy":"category","embeddable":true,"href":"https:\/\/www.djk-wenighoesbach.de\/index.php?rest_route=%2Fwp%2Fv2%2Fcategories&post=4864"},{"taxonomy":"post_tag","embeddable":true,"href":"https:\/\/www.djk-wenighoesbach.de\/index.php?rest_route=%2Fwp%2Fv2%2Ftags&post=4864"}],"curies":[{"name":"wp","href":"https:\/\/api.w.org\/{rel}","templated":true}]}}