{"id":4569,"date":"2023-01-29T18:54:12","date_gmt":"2023-01-29T17:54:12","guid":{"rendered":"http:\/\/www.djk-wenighoesbach.de\/?p=4569"},"modified":"2023-01-30T14:31:20","modified_gmt":"2023-01-30T13:31:20","slug":"kinderfasching","status":"publish","type":"post","link":"https:\/\/www.djk-wenighoesbach.de\/?p=4569","title":{"rendered":"Kinderfasching"},"content":{"rendered":"<p><img loading=\"lazy\" decoding=\"async\" data-attachment-id=\"4570\" data-permalink=\"https:\/\/www.djk-wenighoesbach.de\/?attachment_id=4570\" data-orig-file=\"https:\/\/i0.wp.com\/www.djk-wenighoesbach.de\/wp-content\/uploads\/2023\/01\/Faschingsdienstag.jpg?fit=695%2C900&amp;ssl=1\" data-orig-size=\"695,900\" data-comments-opened=\"1\" data-image-meta=\"{&quot;aperture&quot;:&quot;0&quot;,&quot;credit&quot;:&quot;&quot;,&quot;camera&quot;:&quot;&quot;,&quot;caption&quot;:&quot;&quot;,&quot;created_timestamp&quot;:&quot;0&quot;,&quot;copyright&quot;:&quot;&quot;,&quot;focal_length&quot;:&quot;0&quot;,&quot;iso&quot;:&quot;0&quot;,&quot;shutter_speed&quot;:&quot;0&quot;,&quot;title&quot;:&quot;&quot;,&quot;orientation&quot;:&quot;0&quot;}\" data-image-title=\"Faschingsdienstag\" data-image-description=\"\" data-image-caption=\"\" data-medium-file=\"https:\/\/i0.wp.com\/www.djk-wenighoesbach.de\/wp-content\/uploads\/2023\/01\/Faschingsdienstag.jpg?fit=232%2C300&amp;ssl=1\" data-large-file=\"https:\/\/i0.wp.com\/www.djk-wenighoesbach.de\/wp-content\/uploads\/2023\/01\/Faschingsdienstag.jpg?fit=695%2C900&amp;ssl=1\" tabindex=\"0\" role=\"button\" class=\"size-medium wp-image-4570 alignleft\" src=\"https:\/\/i0.wp.com\/www.djk-wenighoesbach.de\/wp-content\/uploads\/2023\/01\/Faschingsdienstag.jpg?resize=232%2C300\" alt=\"\" width=\"232\" height=\"300\" srcset=\"https:\/\/i0.wp.com\/www.djk-wenighoesbach.de\/wp-content\/uploads\/2023\/01\/Faschingsdienstag.jpg?resize=232%2C300&amp;ssl=1 232w, https:\/\/i0.wp.com\/www.djk-wenighoesbach.de\/wp-content\/uploads\/2023\/01\/Faschingsdienstag.jpg?w=695&amp;ssl=1 695w\" sizes=\"(max-width: 232px) 100vw, 232px\" data-recalc-dims=\"1\" \/>\u2028Hurra die Narrenzeit ist da und die DJK Wenigh\u00f6sbach feiert Fasching. 2 \u00dcberraschung DJ`s werden euch die besten Faschingshits um die Ohren hauen. Es wird getanzt, gespielt und nat\u00fcrlich d\u00fcrfen auch S\u00fc\u00dfigkeiten nicht zu kurz kommen.<br \/>\nSchmei\u00dft euch in euer tollstes Kost\u00fcm und lasst euch am Faschingsdienstag um 13:58 zur DJK bringen.<\/p>\n","protected":false},"excerpt":{"rendered":"<p>\u2028Hurra die Narrenzeit ist da und die DJK Wenigh\u00f6sbach feiert Fasching. 2 \u00dcberraschung DJ`s werden euch die besten Faschingshits um die Ohren hauen. Es wird getanzt, gespielt und nat\u00fcrlich d\u00fcrfen auch S\u00fc\u00dfigkeiten nicht zu kurz kommen. Schmei\u00dft euch in euer tollstes Kost\u00fcm und lasst euch am Faschingsdienstag um 13:58 zur DJK bringen.<\/p>\n","protected":false},"author":1,"featured_media":4570,"comment_status":"open","ping_status":"open","sticky":false,"template":"","format":"standard","meta":{"jetpack_post_was_ever_published":false,"_jetpack_newsletter_access":"","_jetpack_dont_email_post_to_subs":false,"_jetpack_newsletter_tier_id":0,"_jetpack_memberships_contains_paywalled_content":false,"footnotes":"","_jetpack_memberships_contains_paid_content":false,"jetpack_publicize_message":"","jetpack_publicize_feature_enabled":true,"jetpack_social_post_already_shared":true,"jetpack_social_options":{"image_generator_settings":{"template":"highway","enabled":false},"version":2}},"categories":[15],"tags":[],"jetpack_publicize_connections":[],"jetpack_featured_media_url":"https:\/\/i0.wp.com\/www.djk-wenighoesbach.de\/wp-content\/uploads\/2023\/01\/Faschingsdienstag.jpg?fit=695%2C900&ssl=1","jetpack_sharing_enabled":true,"jetpack_shortlink":"https:\/\/wp.me\/p6OzWC-1bH","jetpack-related-posts":[],"jetpack_likes_enabled":true,"_links":{"self":[{"href":"https:\/\/www.djk-wenighoesbach.de\/index.php?rest_route=\/wp\/v2\/posts\/4569"}],"collection":[{"href":"https:\/\/www.djk-wenighoesbach.de\/index.php?rest_route=\/wp\/v2\/posts"}],"about":[{"href":"https:\/\/www.djk-wenighoesbach.de\/index.php?rest_route=\/wp\/v2\/types\/post"}],"author":[{"embeddable":true,"href":"https:\/\/www.djk-wenighoesbach.de\/index.php?rest_route=\/wp\/v2\/users\/1"}],"replies":[{"embeddable":true,"href":"https:\/\/www.djk-wenighoesbach.de\/index.php?rest_route=%2Fwp%2Fv2%2Fcomments&post=4569"}],"version-history":[{"count":1,"href":"https:\/\/www.djk-wenighoesbach.de\/index.php?rest_route=\/wp\/v2\/posts\/4569\/revisions"}],"predecessor-version":[{"id":4571,"href":"https:\/\/www.djk-wenighoesbach.de\/index.php?rest_route=\/wp\/v2\/posts\/4569\/revisions\/4571"}],"wp:featuredmedia":[{"embeddable":true,"href":"https:\/\/www.djk-wenighoesbach.de\/index.php?rest_route=\/wp\/v2\/media\/4570"}],"wp:attachment":[{"href":"https:\/\/www.djk-wenighoesbach.de\/index.php?rest_route=%2Fwp%2Fv2%2Fmedia&parent=4569"}],"wp:term":[{"taxonomy":"category","embeddable":true,"href":"https:\/\/www.djk-wenighoesbach.de\/index.php?rest_route=%2Fwp%2Fv2%2Fcategories&post=4569"},{"taxonomy":"post_tag","embeddable":true,"href":"https:\/\/www.djk-wenighoesbach.de\/index.php?rest_route=%2Fwp%2Fv2%2Ftags&post=4569"}],"curies":[{"name":"wp","href":"https:\/\/api.w.org\/{rel}","templated":true}]}}