{"id":4553,"date":"2022-11-22T07:33:26","date_gmt":"2022-11-22T06:33:26","guid":{"rendered":"http:\/\/www.djk-wenighoesbach.de\/?p=4553"},"modified":"2022-11-22T07:33:46","modified_gmt":"2022-11-22T06:33:46","slug":"4553","status":"publish","type":"post","link":"https:\/\/www.djk-wenighoesbach.de\/?p=4553","title":{"rendered":"Bericht Generalversammlung"},"content":{"rendered":"<p>Mit der Begr\u00fc\u00dfung der Anwesenden Mitglieder er\u00f6ffnete die Vorsitzende Ingrid Sch\u00fc\u00dfler die diesj\u00e4hrige Generalversammlung und \u00fcbergab nach dem Totengedenken der verstorbenen Mitglieder das Wort an den Vorsitzenden Sport Thomas Debus.<br \/>\n\u2028Dieser berichtete \u00fcber das abgelaufenen Vereinsjahr aus sportlicher Sicht. \u2028Hervorzuheben hierbei ist im  60. Jubil\u00e4umsjahr die Austragung des Energiecup 2022.\u2028<\/p>\n<p>Es folgten die Berichte der einzelnen Abteilungsleiter:<br \/>\n\u2028Sportvorstand Thomas Debus berichtete \u00fcber die Abteilung Fu\u00dfball Herren in der SG mit H\u00f6sbach Bahnhof.<br \/>\nWeiterhin berichtete er, dass die DJK gerne wieder eine M\u00e4dchenturngruppe er\u00f6ffnen m\u00f6chte, leider bisher noch kein\/e \u00dcbungsleiter\/in gefunden wurde. Auch gibt es seit kurzem wieder eine Fu\u00dfball Alte Herren Gruppe.<\/p>\n<p>\u2028Jugendleiter Uwe Bergmann teilte uns den aktuellen Stand der Fu\u00dfball Jugend mit. Trainerauf Wenigh\u00f6sbacher Seite sind hier Uwe Bergmann bei den U 15 und Thomas Wagner bei den U7 Bambini<br \/>\nDie Jugend spielt in einer SG mit H\u00f6sbach mit 5 Spielern und in der<br \/>\nJFG Aschafftal\u00a0mit 8 Spielern.<\/p>\n<p>\u2028Den Bericht der Abteilung Tischtennis erhielten wir von Christian V\u00f6lker.<br \/>\nDerzeit stellt die DJK hier eine 6er Mannschaft in der Bezirksklasse und<br \/>\neine 4er Mannschaft in der Bezirksklasse D. <\/p>\n<p>\u2028\u2028Des Weiteren berichteten vertretungsweise Christian V\u00f6lker \u00fcber die R\u00fcckengymnastik und Albin Wagner \u00fcber den Mittwochsclub.<\/p>\n<p>Der Bericht der Herrengymnastik kam von Albrecht Freund und von der Frauengymnastik von Sigrid Staab.<\/p>\n<p>Au\u00dferdem gab uns Sigrid Staab den Kassenbericht und konnte von geordneten Kassenverh\u00e4ltnissen berichten. Die Kasse wurde gem. Satzung gepr\u00fcft und einstimmig entlastet.<\/p>\n<p>Im Bereich Verschiedenes informierte Vorstand Finanzen Jens Schwarzrock, dass aufgrund der hohen Kosten die bereits genehmigte Dachsanierung noch 1 -2 Jahre zur\u00fcckgestellt wird.<br \/>\nDem Antrag, die Fenster im Bereich Wirtschaft zu erneuern, wurde einstimmig beschlossen.<br \/>\n\u00a0<br \/>\nMit dem DJK Lied wurde die harmonisch verlaufen Generalversammlung beendet.<\/p>\n","protected":false},"excerpt":{"rendered":"<p>Mit der Begr\u00fc\u00dfung der Anwesenden Mitglieder er\u00f6ffnete die Vorsitzende Ingrid Sch\u00fc\u00dfler die diesj\u00e4hrige Generalversammlung und \u00fcbergab nach dem Totengedenken der verstorbenen Mitglieder das Wort an den Vorsitzenden Sport Thomas Debus. \u2028Dieser berichtete \u00fcber das abgelaufenen Vereinsjahr aus sportlicher Sicht. \u2028Hervorzuheben hierbei ist im 60. Jubil\u00e4umsjahr die Austragung des Energiecup 2022.\u2028 Es folgten die Berichte der [&hellip;]<\/p>\n","protected":false},"author":1,"featured_media":0,"comment_status":"open","ping_status":"open","sticky":false,"template":"","format":"standard","meta":{"jetpack_post_was_ever_published":false,"_jetpack_newsletter_access":"","_jetpack_dont_email_post_to_subs":false,"_jetpack_newsletter_tier_id":0,"_jetpack_memberships_contains_paywalled_content":false,"footnotes":"","_jetpack_memberships_contains_paid_content":false,"jetpack_publicize_message":"","jetpack_publicize_feature_enabled":true,"jetpack_social_post_already_shared":true,"jetpack_social_options":{"image_generator_settings":{"template":"highway","enabled":false},"version":2}},"categories":[4],"tags":[],"jetpack_publicize_connections":[],"jetpack_featured_media_url":"","jetpack_sharing_enabled":true,"jetpack_shortlink":"https:\/\/wp.me\/s6OzWC-4553","jetpack-related-posts":[],"jetpack_likes_enabled":true,"_links":{"self":[{"href":"https:\/\/www.djk-wenighoesbach.de\/index.php?rest_route=\/wp\/v2\/posts\/4553"}],"collection":[{"href":"https:\/\/www.djk-wenighoesbach.de\/index.php?rest_route=\/wp\/v2\/posts"}],"about":[{"href":"https:\/\/www.djk-wenighoesbach.de\/index.php?rest_route=\/wp\/v2\/types\/post"}],"author":[{"embeddable":true,"href":"https:\/\/www.djk-wenighoesbach.de\/index.php?rest_route=\/wp\/v2\/users\/1"}],"replies":[{"embeddable":true,"href":"https:\/\/www.djk-wenighoesbach.de\/index.php?rest_route=%2Fwp%2Fv2%2Fcomments&post=4553"}],"version-history":[{"count":2,"href":"https:\/\/www.djk-wenighoesbach.de\/index.php?rest_route=\/wp\/v2\/posts\/4553\/revisions"}],"predecessor-version":[{"id":4555,"href":"https:\/\/www.djk-wenighoesbach.de\/index.php?rest_route=\/wp\/v2\/posts\/4553\/revisions\/4555"}],"wp:attachment":[{"href":"https:\/\/www.djk-wenighoesbach.de\/index.php?rest_route=%2Fwp%2Fv2%2Fmedia&parent=4553"}],"wp:term":[{"taxonomy":"category","embeddable":true,"href":"https:\/\/www.djk-wenighoesbach.de\/index.php?rest_route=%2Fwp%2Fv2%2Fcategories&post=4553"},{"taxonomy":"post_tag","embeddable":true,"href":"https:\/\/www.djk-wenighoesbach.de\/index.php?rest_route=%2Fwp%2Fv2%2Ftags&post=4553"}],"curies":[{"name":"wp","href":"https:\/\/api.w.org\/{rel}","templated":true}]}}