{"id":455,"date":"2010-06-28T12:31:35","date_gmt":"2010-06-28T12:31:35","guid":{"rendered":"http:\/\/www.djk-wenighoesbach.de\/?p=455"},"modified":"2010-09-21T09:02:29","modified_gmt":"2010-09-21T09:02:29","slug":"aktuelles-aus-der-jugend","status":"publish","type":"post","link":"https:\/\/www.djk-wenighoesbach.de\/?p=455","title":{"rendered":"Aktuelles aus der Jugend"},"content":{"rendered":"<p>Die gemeinsame Jahresabschlussfeier der G-F-E Junioren mit Zelt\u00fcbernachtung findet am Samstag 3. Juli ab 15 Uhr im Sportheim Unterafferbach statt.<br \/>\nDie Abschlussfeier f\u00fcr die D,- und C Jugend findet am 17.07.2010 ab 14:00 Uhr<br \/>\nin Wenigh\u00f6sbach statt.<br \/>\nAb 15:00 Uhr findet ein internes Kleinfeldturnier statt.<\/p>\n<p><strong>F-Jugend<\/strong><\/p>\n<p><em>FCU\/DJK \u2013 SpVgg Westerngrund    0:6<\/em><\/p>\n<p>In diesem Spiel vermisste man bei unserer Mannschaft jeglichen Einsatz und Kampfgeist. Somit unterlagen wir verdient, auch in dieser H\u00f6he. Unser Torwart Sascha verhinderte mit einigen Glanzparaden eine noch h\u00f6here Niederlage. Nach diesem Spiel hei\u00dft es f\u00fcr uns noch engagierter trainieren und es im n\u00e4chsten Spiel besser machen.<\/p>\n<p><em>FC Bayern Alzenau \u2013 FCU\/DJK  5:1<\/em><\/p>\n<p>Trotz einer Leistungssteigerung gegen\u00fcber der Vorwoche unterlagen wir in Alzenau.<br \/>\nAllerdings w\u00e4re ein besseres Ergebnis m\u00f6glich gewesen, wenn wir die Alzenauer&#8216;<br \/>\nnicht immer wieder zum Tore schie\u00dfen eingeladen h\u00e4tten.<br \/>\nHervorzuheben ist wieder unser Torwart Sascha, der erneut eine sehr gute Leistung zeigte.<\/p>\n<p>Torsch\u00fctze: Lukas Br\u00fcckner<\/p>\n<p>Vorschau: Evtl. am Mittwoch den 07.07.10 Freundschaftsspiel in Unterafferbach gegen &#8230;. N\u00e4here Infos gibt\u2019s im Training.<\/p>\n<p><strong>E 1 Jugend<\/strong><\/p>\n<p><em>VfL Krombach \u2013 FCU\/DJK  2 : 8<\/em><\/p>\n<p>Souver\u00e4ner Sieg \u2013 wieder alle an Bord<\/p>\n<p>Endlich konnten wir wieder mit allen \u201eMannen\u201c und in Bestbesetzung auflaufen.<br \/>\nDie Jungs haben gegen Krombach sehr guten Kombinations &#8211; Fu\u00dfball gezeigt.<\/p>\n<p>Aufgrund der Spielanteile und der zus\u00e4tzlichen Torchancen fiel der Sieg in dieser H\u00f6he gerecht aus. \u00c4hnlich wie bei der Deutschen Nationalmannschaft haben wir noch L\u00fccken in der Innenverteidigung. Torsch\u00fctzen: Tim Kraus 2, Philipp Schell 2, Simon Heeg 2, Paul Hornung 1, Kevin Eckert 1<\/p>\n<p><em>FCU\/DJK  \u2013 SV Sch\u00f6llkrippen 8:1<\/em><\/p>\n<p>Tore im 5-Minuten-Takt<\/p>\n<p>Gegen die G\u00e4ste aus Sch\u00f6llkrippen gelang es uns, die Schlappe aus dem Hinspiel<br \/>\n(0:11) auszub\u00fcgeln. Anders als im Hinspiel, wo wir stark ersatzgeschw\u00e4cht antraten,<br \/>\nhatten wir den Gegner jeder Zeit im Griff.<br \/>\nNach ca. 5 min bekam ein Spieler vom SV den Ball so ungl\u00fccklich ins Gesicht, dass er nicht weiterspielen konnte.<br \/>\nWeil kein Ersatzspieler zur Verf\u00fcgung stand, mussten die G\u00e4ste die Partie mit nur f\u00fcnf Feldspielern fortsetzen. Fairerweise nahmen wir auch einen Spieler heraus, damit \u201eGleichheit\u201c auf dem Platz herrschte.<br \/>\nDadurch war noch mehr Platz f\u00fcr unser Kombinations-Spiel.<br \/>\nUnsere Jungs konnten die Tore quasi im 5-min.-Takt erzielen.<br \/>\nSelbst den \u201eEhrentreffer der G\u00e4ste\u201c schossen wir selbst.<br \/>\nLuca Sauer fiel durch seine konsequente Leistung in der Abwehr auf.<\/p>\n<p>Torsch\u00fctzen: Phillip Schell 4, Tim Kraus 3, Simon Heeg 2,<\/p>\n<p><strong>Platz 4 beim Tuchbaum-Cup 2010 <\/strong><\/p>\n<p>Beim sehr gut organisierten Turnier um den Tuchbaum-Cup, ausgerichtet von unserem Patenverein VfR Goldbach, erreichten unsere E-1-Junioren den 4. Platz. Nach 5 Gruppenspielen ( vier Siege, eine Niederlage ) qualifizierten wir uns f\u00fcr das Halbfinale. Hier unterlagen wir knapp gegen den VfR Goldbach 1 mit 2:1. Im Spiel um Platz drei hatten wir beim 7m-Schie\u00dfen diesmal kein Gl\u00fcck und mussten TuS Leider den Vortritt lassen. Turniersieger wurde TV Aschaffenburg. In die Torsch\u00fctzenliste konnten sich Phillip Schell 7x, Simon Heeg 3x, Tim Kraus 2x und Kevin Eckert 1x eintragen.<\/p>\n<p>Ergebnisse:                         <\/p>\n<p><em>VfR Goldbach 2 \u2013 FCU\/DJK  1:4                                   <\/em><\/p>\n<p><em>FCU\/DJK  \u2013 DJK Hain 1:0                                  <\/em><\/p>\n<p><em>FCU\/DJK \u2013 TuS Frammersbach 3:0                             <\/em><\/p>\n<p><em>VfR Nilkheim \u2013 FCU\/DJK  0:1<\/em><\/p>\n<p><em>FCU\/DJK  \u2013 TV Aschaffenburg 0:1        <\/em><\/p>\n<p><em>VfR Goldbach 1 \u2013 FCU\/DJK  2:1<\/em><\/p>\n<p><em>FCU\/DJK \u2013 TuS Leider  3:4 (nach 7m )<\/em><\/p>\n<p><strong><em>E 2 Jugend FCU\/DJK<\/em><\/strong> <\/p>\n<p><em>TSV Rottenberg  &#8211; FCU\/DJK 5:8<\/em>  <\/p>\n<p>Vorschau: Am Samstag dem 03.07 wird um 10.45 Uhr das ausgefallene Spiel in Kleinostheim nachgeholt.<br \/>\nAm Samstag dem 10.07 nehmen wir ab 9.30 Uhr beim Turnier in Gro\u00dfostheim teil<strong>.<\/strong><br \/>\n<strong><br \/>\nD Jugend DJK\/FCU<\/strong><\/p>\n<p>Am 12.\/13.06.2010 nahmen wir, auf Einladung der DJK Dieburg, an einem Turnier mit internationaler Besetzung teil. Von unserem Gastgeber und Namensvetter DJK Dieburg wurden wir nach unserer Ankunft herzlich begr\u00fc\u00dft und w\u00e4hrend unseres Aufenthaltes hervorragend bewirtet. Der SC Siebnen aus der Schweiz war nach Absage anderer Teilnehmer jedoch die einzige Mannschaft aus dem Ausland.<\/p>\n<p>Durch einen neuen Spielplan unserer Gruppe hatten wir am Samstag gleich sechs Spiele auszutragen. Leider hatten wir nur 12 Spieler zur Verf\u00fcgung und der Kr\u00e4fteverschlei\u00df war deshalb deutlich sp\u00fcrbar. Nach einer, f\u00fcr manche Spieler recht kurzen Nacht, verloren wir unser einziges Spiel am Sonntag deutlich. Am Ende erreichten wir den 6. Platz in einem starken Teilnehmerfeld.<\/p>\n<p>Ergebnisse:<\/p>\n<p><em>DJK\/FCU \u2013 DJK Dieburg  2 : 3<\/em><\/p>\n<p><em>SV M\u00fcnster &#8211;  DJK\/FCU   0 : 3<\/em><\/p>\n<p><em>DJK Dieburg \u2013 DJK\/FCU  3 : 1<\/em><\/p>\n<p><em>DJK\/FCU \u2013 SV M\u00fcnster   0 : 3<\/em><\/p>\n<p><em>Ober Roden \u2013 DJK\/FCU  0 : 0<\/em><\/p>\n<p><em>DJK\/FCU \u2013 DJK Dieburg 0 : 5<\/em><\/p>\n<p><em>Torsch\u00fctze: Sebastian Meier 6 Tore<\/p>\n<p><\/em><\/p>\n<p><em>SV Alemania Haibach \u2013 DJK\/FCU  4 : 1<\/em><\/p>\n<p>In unserem letzten Spiel in dieser Runde f\u00fchrten wir nach gro\u00dfem Einsatz zur Pause verdient mit 0 : 1. Leider hatten wir zu diesem Zeitpunkt bereits zwei verletzte Spieler und keinen Ersatz mehr auf der Bank. Hinzu kam das der Gastgeber Spielb\u00e4lle einsetzte die den Vorgaben des Verbandes nicht entsprachen. Trotzt eines Hinweises an den jungen Schiedsrichter ging dieser nicht darauf ein. Einfach gesagt, die B\u00e4lle waren f\u00fcr D Jugend Mannschaften viel zu schwer, was f\u00fcr die k\u00f6rperlich hoch \u00fcberlegenen Haibacher einen klaren Vorteil bedeutete. Als unsere Spieler die Kraft verlie\u00df und sich dadurch in der Abwehr grobe Fehler einschlichen kamen die Haibacher zu klaren Chancen die sie eiskalt nutzten. Torsch\u00fctze: Sebastian Meier<\/p>\n<p>Dennoch erreichten wir in diesem Jahr einen sehr guten vierten Tabellenplatz mit<\/p>\n<p>33 Punkten und einem Torkonto von plus 20 Toren. Vielen Dank f\u00fcr euren Einsatz<\/p>\n<p>und herzlichen Gl\u00fcckwunsch zu diesem Erfolg.<\/p>\n<p><strong>C Jugend<\/strong><\/p>\n<p>DJK\/FCU  &#8211; FC Oberafferbach 4 : 0<br \/>\nMit einer konzentrierten Mannschaftsleistung siegten wir verdient mit 4:0 gegen den FC Oberafferbach. Viele sch\u00f6ne Spielz\u00fcge und Torsch\u00fcsse pr\u00e4gten das Spiel.<br \/>\nDie fr\u00fche F\u00fchrung durch Alexander Hornung baute Moritz Hain zum 2 : 0 aus. Danach zeigen wir sch\u00f6ne Spielz\u00fcge, nur im Abschluss haperte es noch ein bisschen. In der 2. Halbzeit kr\u00f6nte Alexander Hornung seine gute Leistung mit dem<\/p>\n<p>3 : 0, ehe Bastian Schirnhofer mit einem fulminanten Weitschuss den Schlusspunkt zum 4 : 0 setzte.<br \/>\nGei\u00dfelbach \u2013 DJK\/FCU  1 : 6<br \/>\nAuf dem Ausweichplatz in Krombach taten wir uns in der 1. Halbzeit sehr schwer. Ehe wir im Spiel waren, lagen wir schon 0 : 1 zur\u00fcck. Sebastian Meier und Alexander Hornung drehten mit einem Doppelschlag das Spiel. In den n\u00e4chsten Minuten hatten wir einige brenzlige Situationen zu \u00fcberstehen und mit etwas Gl\u00fcck und einem gut aufgelegten Torh\u00fcter Steffen Raab \u00fcberstanden wir diese Phase. Je l\u00e4nger das Spiel dauerte, so besser bekamen wir den Gegner in den Griff. Moritz Hain erziele das Tor zum 3 : 1, ehe unser Goalgetter Sebastian Laumen seine Torflaute mit zwei sch\u00f6nen Treffern beendete. Das letzte Tor zum 6 : 1 erzielte Bastian Schirnhofer.<br \/>\nIn der Abschlusstabelle der Saison 2009\/2010 erreichten wir einen tollen 4. Platz. Da der Gro\u00dfteil der Mannschaft auch im n\u00e4chsten Jahr noch in der C-Jugend spielen darf, k\u00f6nnen wir zuversichtlich in die Zukunft schauen.<\/p>\n","protected":false},"excerpt":{"rendered":"<p>Die gemeinsame Jahresabschlussfeier der G-F-E Junioren mit Zelt\u00fcbernachtung findet am Samstag 3. Juli ab 15 Uhr im Sportheim Unterafferbach statt. Die Abschlussfeier f\u00fcr die D,- und C Jugend findet am 17.07.2010 ab 14:00 Uhr in Wenigh\u00f6sbach statt. Ab 15:00 Uhr findet ein internes Kleinfeldturnier statt. F-Jugend FCU\/DJK \u2013 SpVgg Westerngrund 0:6 In diesem Spiel vermisste [&hellip;]<\/p>\n","protected":false},"author":1,"featured_media":0,"comment_status":"closed","ping_status":"closed","sticky":false,"template":"","format":"standard","meta":{"jetpack_post_was_ever_published":false,"_jetpack_newsletter_access":"","_jetpack_dont_email_post_to_subs":false,"_jetpack_newsletter_tier_id":0,"_jetpack_memberships_contains_paywalled_content":false,"footnotes":"","_jetpack_memberships_contains_paid_content":false,"jetpack_publicize_message":"","jetpack_publicize_feature_enabled":true,"jetpack_social_post_already_shared":false,"jetpack_social_options":{"image_generator_settings":{"template":"highway","enabled":false},"version":2}},"categories":[5,8],"tags":[],"jetpack_publicize_connections":[],"jetpack_featured_media_url":"","jetpack_sharing_enabled":true,"jetpack_shortlink":"https:\/\/wp.me\/p6OzWC-7l","jetpack-related-posts":[],"jetpack_likes_enabled":true,"_links":{"self":[{"href":"https:\/\/www.djk-wenighoesbach.de\/index.php?rest_route=\/wp\/v2\/posts\/455"}],"collection":[{"href":"https:\/\/www.djk-wenighoesbach.de\/index.php?rest_route=\/wp\/v2\/posts"}],"about":[{"href":"https:\/\/www.djk-wenighoesbach.de\/index.php?rest_route=\/wp\/v2\/types\/post"}],"author":[{"embeddable":true,"href":"https:\/\/www.djk-wenighoesbach.de\/index.php?rest_route=\/wp\/v2\/users\/1"}],"replies":[{"embeddable":true,"href":"https:\/\/www.djk-wenighoesbach.de\/index.php?rest_route=%2Fwp%2Fv2%2Fcomments&post=455"}],"version-history":[{"count":3,"href":"https:\/\/www.djk-wenighoesbach.de\/index.php?rest_route=\/wp\/v2\/posts\/455\/revisions"}],"predecessor-version":[{"id":457,"href":"https:\/\/www.djk-wenighoesbach.de\/index.php?rest_route=\/wp\/v2\/posts\/455\/revisions\/457"}],"wp:attachment":[{"href":"https:\/\/www.djk-wenighoesbach.de\/index.php?rest_route=%2Fwp%2Fv2%2Fmedia&parent=455"}],"wp:term":[{"taxonomy":"category","embeddable":true,"href":"https:\/\/www.djk-wenighoesbach.de\/index.php?rest_route=%2Fwp%2Fv2%2Fcategories&post=455"},{"taxonomy":"post_tag","embeddable":true,"href":"https:\/\/www.djk-wenighoesbach.de\/index.php?rest_route=%2Fwp%2Fv2%2Ftags&post=455"}],"curies":[{"name":"wp","href":"https:\/\/api.w.org\/{rel}","templated":true}]}}