{"id":4491,"date":"2022-07-17T07:20:14","date_gmt":"2022-07-17T06:20:14","guid":{"rendered":"http:\/\/www.djk-wenighoesbach.de\/?p=4491"},"modified":"2022-07-17T07:26:19","modified_gmt":"2022-07-17T06:26:19","slug":"es-ist-vollbracht","status":"publish","type":"post","link":"https:\/\/www.djk-wenighoesbach.de\/?p=4491","title":{"rendered":"Es ist vollbracht&#8230;"},"content":{"rendered":"<p>Am letzten Gruppenspieltag traten SC Rauental gegen DJK Wenigh\u00f6sbach an.<br \/>\nDie DJK konnte diese Partie mit einem 4:1 f\u00fcr sich entscheiden.<\/p>\n<p>Leider blieb es bei dieser Partie und die Zuschauer konnten kein weiteres Spiel sehen.<\/p>\n<p>Grund hierf\u00fcr war, dass Goldbach II im Spiel gegen Unterafferbach nicht angetreten ist.<br \/>\nDie Regularieren des BfV sehen f\u00fcr diesen Fall vor, dass die Mannschaft komplett aus der Wertung genommen wir.<\/p>\n<p>Hierdurch standen nun die Finalisten endg\u00fcltig fest.<\/p>\n<p>Zum Jubil\u00e4umssonntag, der mit einem Kirchgang und anschlie\u00dfender Parade zum Sportplatz<br \/>\nbeginnt gibt es ein ordentlichen Fr\u00fchschoppen mit den &#8222;Original Jochbachthalern&#8220;.<\/p>\n<p>Im Anschluss\u00a0spielen im\u00a0Spiel um Platz 3 um 14:30<br \/>\nFC H\u00f6sbach und FC Unterafferbach<br \/>\nund im Finale um 17:00<br \/>\nVfR Goldbach gegen SpVgg H\u00f6sbach-Bahnhof.<\/p>\n<p>Neben dem Torwandschie\u00dfen findet heute zwischen den Spielen zus\u00e4tzlich das Vertreterschie\u00dfen f\u00fcr wohlt\u00e4tige Zwecke statt.<\/p>\n<p>Zum Abschluss gibt es die Verlosung der 3 zweir\u00e4drigen Gewinne sowie die Siegerehrung.<\/p>\n","protected":false},"excerpt":{"rendered":"<p>Am letzten Gruppenspieltag traten SC Rauental gegen DJK Wenigh\u00f6sbach an. Die DJK konnte diese Partie mit einem 4:1 f\u00fcr sich entscheiden. Leider blieb es bei dieser Partie und die Zuschauer konnten kein weiteres Spiel sehen. Grund hierf\u00fcr war, dass Goldbach II im Spiel gegen Unterafferbach nicht angetreten ist. Die Regularieren des BfV sehen f\u00fcr diesen [&hellip;]<\/p>\n","protected":false},"author":1,"featured_media":0,"comment_status":"open","ping_status":"open","sticky":false,"template":"","format":"standard","meta":{"jetpack_post_was_ever_published":false,"_jetpack_newsletter_access":"","_jetpack_dont_email_post_to_subs":false,"_jetpack_newsletter_tier_id":0,"_jetpack_memberships_contains_paywalled_content":false,"footnotes":"","_jetpack_memberships_contains_paid_content":false,"jetpack_publicize_message":"","jetpack_publicize_feature_enabled":true,"jetpack_social_post_already_shared":true,"jetpack_social_options":{"image_generator_settings":{"template":"highway","enabled":false},"version":2}},"categories":[19],"tags":[],"jetpack_publicize_connections":[],"jetpack_featured_media_url":"","jetpack_sharing_enabled":true,"jetpack_shortlink":"https:\/\/wp.me\/p6OzWC-1ar","jetpack-related-posts":[],"jetpack_likes_enabled":true,"_links":{"self":[{"href":"https:\/\/www.djk-wenighoesbach.de\/index.php?rest_route=\/wp\/v2\/posts\/4491"}],"collection":[{"href":"https:\/\/www.djk-wenighoesbach.de\/index.php?rest_route=\/wp\/v2\/posts"}],"about":[{"href":"https:\/\/www.djk-wenighoesbach.de\/index.php?rest_route=\/wp\/v2\/types\/post"}],"author":[{"embeddable":true,"href":"https:\/\/www.djk-wenighoesbach.de\/index.php?rest_route=\/wp\/v2\/users\/1"}],"replies":[{"embeddable":true,"href":"https:\/\/www.djk-wenighoesbach.de\/index.php?rest_route=%2Fwp%2Fv2%2Fcomments&post=4491"}],"version-history":[{"count":2,"href":"https:\/\/www.djk-wenighoesbach.de\/index.php?rest_route=\/wp\/v2\/posts\/4491\/revisions"}],"predecessor-version":[{"id":4493,"href":"https:\/\/www.djk-wenighoesbach.de\/index.php?rest_route=\/wp\/v2\/posts\/4491\/revisions\/4493"}],"wp:attachment":[{"href":"https:\/\/www.djk-wenighoesbach.de\/index.php?rest_route=%2Fwp%2Fv2%2Fmedia&parent=4491"}],"wp:term":[{"taxonomy":"category","embeddable":true,"href":"https:\/\/www.djk-wenighoesbach.de\/index.php?rest_route=%2Fwp%2Fv2%2Fcategories&post=4491"},{"taxonomy":"post_tag","embeddable":true,"href":"https:\/\/www.djk-wenighoesbach.de\/index.php?rest_route=%2Fwp%2Fv2%2Ftags&post=4491"}],"curies":[{"name":"wp","href":"https:\/\/api.w.org\/{rel}","templated":true}]}}