{"id":4354,"date":"2021-12-04T05:19:32","date_gmt":"2021-12-04T04:19:32","guid":{"rendered":"http:\/\/www.djk-wenighoesbach.de\/?p=4354"},"modified":"2021-12-04T05:19:32","modified_gmt":"2021-12-04T04:19:32","slug":"bericht-jahreshauptversammlung-2021","status":"publish","type":"post","link":"https:\/\/www.djk-wenighoesbach.de\/?p=4354","title":{"rendered":"Bericht Jahreshauptversammlung 2021"},"content":{"rendered":"<p>Vorstand Franz-Josef Sauer begr\u00fc\u00dfte die anwesenden Mitglieder und stellte fest, dass die Versammlung fristgerecht einberufen wurde und somit beschlussf\u00e4hig sei. Nach dem Totengedenken gab er einen Rechenschaftsbericht der Vorstandschaft, der sich Corona bedingt diesmal \u00fcber 2 Jahre spannte, da Die Versammlung 2020<span class=\"Apple-converted-space\">\u00a0 <\/span>ja bekanntlich ausgefallen war.<\/p>\n<p>Die DJK verf\u00fcge aktuell \u00fcber 426 Mitglieder, davon sind 159 Frauen. 11 \u00dcbungsleiter k\u00fcmmern sich um die sportlichen Belange.<\/p>\n<p>Nat\u00fcrlich gab es in den letzten 2 Jahren weniger Veranstaltungen und weniger Aktivit\u00e4ten, jedoch wurde gerade auf dem baulichen Sektor viel geleistet. So wurde auf dem Hartplatz eine Imbissbude aufgestellt, der Rasenplatz bekam eine Beregnungsanlage und wurde anschlie\u00dfend saniert. Eine neue Terrassent\u00fcre am Sportheim sowie die Renovierung des Pflasters am Sportheim waren weitere Ma\u00dfnahmen.<span class=\"Apple-converted-space\">\u00a0<\/span><\/p>\n<p>Die sportliche Entwicklung des Vereins ruhte w\u00e4hrend der Corona-Pause und geht erst seit einm paar Monaten wieder eingeschr\u00e4nkt weiter. Die Erfolge der 1. Fu\u00dfballmannschaft seine durchwachsen, so Franz-Josef Sauer und leider sieht es im Jugendbereich auch nicht rosig aus, da der Nachwuchs fehle. Die Tischtennisabteilung nimmt mit 2 Mannschaften am Spielbetrieb teil und hat durchaus einige Erfolge vorzuweisen. Im Bereich Gymnastik und Breitensport werden aktuell 7 Kurse angeboten, die alle sehr gut besucht sind.<span class=\"Apple-converted-space\">\u00a0<\/span><\/p>\n<p>In seinem Ausblick ging Franz-Josef auf das im n\u00e4chsten Jahr anstehende 60-ig j\u00e4hrige Vereinsjubil\u00e4um ein, das m\u00f6glichst im Rahmen des Energie-Cups abgehalten werden soll.<\/p>\n<p>Am Ende seiner Ausf\u00fchrungen dankte er allen Funktion\u00e4ren und Helfern f\u00fcr die tatkr\u00e4ftige Unterst\u00fctzung in den vergangen 2 Jahren und brachte die Hoffnung zum Ausdruck, dass auch k\u00fcnftig gen\u00fcgend Mitglieder zur Mithilfe im Verein bereit seien.<\/p>\n<p>Kassiererin Sigrid Staab konnte danach von geordneten Kassenverh\u00e4ltnissen berichten. Trotz der Corona bedingten Mindereinnahmen durch ausgefallene Veranstaltungen ist das Vereinsverm\u00f6gen durch h\u00f6here Zusch\u00fcsse nicht gemindert worden. Die beiden Kassenpr\u00fcfer best\u00e4tigten dies und danach wurde die gesamte Vorstandschaft einstimmig entlastet.<span class=\"Apple-converted-space\">\u00a0<\/span><\/p>\n<p>Danach gaben die Spartenleiter in ihren Berichten einen Querschnitt \u00fcber die Aktivit\u00e4ten und Abteilungen der DJK. Dabei war die Ausrichtung von einem reinen Fu\u00dfballverein hin zu mehr Breitensport deutlich zu erkennen.<\/p>\n<p>Die einzelnen Berichte kamen von:<\/p>\n<p>Trainer Daniel Schramm f\u00fcr die 1. Mannschaft, Jugendleiter Herbert Sauer f\u00fcr die Juniorenabteilung, Roland Maidhof f\u00fcr die Tischtennisabteilung, Sigrid Staab f\u00fcr die Frauengymnastik, Albrecht Freund f\u00fcr die Herrengymnastik, Armin Wagner f\u00fcr die R\u00fcckenschule und Albin Wagner f\u00fcr den Middwuchsclub mit Ski-Gymnastik<\/p>\n<p>Nach der Bildung des Wahlausschusses kam es dann zu den geplanten Neuwahlen.<span class=\"Apple-converted-space\">\u00a0 <\/span>Dazu aber mehr in der n\u00e4chsten Ausgabe.<\/p>\n<p>Auf der Generalversammlung der DJK Wenigh\u00f6sbach<span class=\"Apple-converted-space\">\u00a0 <\/span>Ende Oktober 2021 wurde im Bereich der Vorstandschaft auf zwei Positionen ein Generationenwechsel vollzogen.<span class=\"Apple-converted-space\">\u00a0 <\/span>Vorstand Franz-Josef Sauer stand nach 42 Jahren, in denen er 22 Jahre als 1. Vorsitzender und 20 Jahre als 2. Vorsitzender t\u00e4tig war, nicht mehr f\u00fcr einen Vorstandsposten zur Verf\u00fcgung. Ebenso kandidierte Albrecht Freund, der 2 Jahre 2. Vorstand, 16 Jahre Protokollf\u00fchrer und 14 Jahre Pressewart war, nicht mehr. Es wurden daher die anstehenden Neuwahlen mit Spannung erwartet und diese brachten dann folgende Ergebnisse:<\/p>\n<p><strong>Vorstand Sport:<\/strong> Thomas Debus<br \/>\n<strong>Vorstand Wirtschaft:<\/strong> Ingrid Sch\u00fc\u00dfler<br \/>\n<strong>Vorstand Finanzen<\/strong>: Jens Schwarzrock.<\/p>\n<p>Diese drei Vorst\u00e4nde sind laut Satzung gleichberechtigt.<\/p>\n<p><strong>Hauptkassiererin:<\/strong> Sigrid Staab, Ersatzkassiererin;: Melanie Staab<br \/>\n<strong>Schriftf\u00fchrer:<\/strong> Clemens Wagner<br \/>\n<strong>Presse bzw. PR-Manager:<\/strong> Christian Ritter<br \/>\n<strong>Protokollf\u00fchrer:<\/strong> Rudi Debus<br \/>\n<strong>Wirtschaftsausschuss:<\/strong> Robert Staab, Ingrid und Burkhard Sch\u00fc\u00dfler, Petra Debus<br \/>\n<strong>Vergn\u00fcgungsausschuss:<\/strong> Sophie Staab, Markus Baumann, Peter Sauer<br \/>\n<strong>Platz- u. Hauswart:<\/strong> Berthold Stadtm\u00fcller, Albin Wagner, Franz-Josef Sauer<br \/>\n<strong>Platzkassierer:<\/strong> Robert Staab, Rudi Debus<br \/>\n<strong>Kassenpr\u00fcfer:<\/strong> Martin Freund, Norbert Kessler<br \/>\n<strong>Fahnenabordnung:<\/strong> Peter Sauer, Thomas Wagner, Clemens Wagner, Markus Baumann<br \/>\n<strong>Jugendleiter:<\/strong> Uwe Bergmann<br \/>\n<strong>Ehrenamtsbeauftragter:<\/strong> Franz-Josef Sauer<\/p>\n<p>Nachdem keine schriftlichen Antr\u00e4ge eingingen, wurde unter dem Punkt Verschiedenes die Probleme mit der Beheizung der Duschanlage sowie des Gymnastikraumes diskutiert. Ferner muss im Sportheim eine neue Zapfanlage installiert werden und es soll die Fluchtlichtanlage lichttechnisch auf den neuesten Stand gebracht werden.<span class=\"Apple-converted-space\">\u00a0 <\/span>Des weiteren w\u00fcnschte sich die Fahnenabordnung neue Westen.<\/p>\n<p>Traditionell wurde die harmonische Versammlung mit dem Vereinslied \u201e<span class=\"Apple-converted-space\">\u00a0 <\/span>Gr\u00fcn und wei\u00df wie lieb ich Dich\u201c beendet. <span class=\"Apple-converted-space\">\u00a0<\/span><\/p>\n","protected":false},"excerpt":{"rendered":"<p>Vorstand Franz-Josef Sauer begr\u00fc\u00dfte die anwesenden Mitglieder und stellte fest, dass die Versammlung fristgerecht einberufen wurde und somit beschlussf\u00e4hig sei. Nach dem Totengedenken gab er einen Rechenschaftsbericht der Vorstandschaft, der sich Corona bedingt diesmal \u00fcber 2 Jahre spannte, da Die Versammlung 2020\u00a0 ja bekanntlich ausgefallen war. Die DJK verf\u00fcge aktuell \u00fcber 426 Mitglieder, davon sind [&hellip;]<\/p>\n","protected":false},"author":1,"featured_media":0,"comment_status":"open","ping_status":"open","sticky":false,"template":"","format":"standard","meta":{"jetpack_post_was_ever_published":false,"_jetpack_newsletter_access":"","_jetpack_dont_email_post_to_subs":false,"_jetpack_newsletter_tier_id":0,"_jetpack_memberships_contains_paywalled_content":false,"footnotes":"","_jetpack_memberships_contains_paid_content":false,"jetpack_publicize_message":"","jetpack_publicize_feature_enabled":true,"jetpack_social_post_already_shared":true,"jetpack_social_options":{"image_generator_settings":{"template":"highway","enabled":false},"version":2}},"categories":[4],"tags":[],"jetpack_publicize_connections":[],"jetpack_featured_media_url":"","jetpack_sharing_enabled":true,"jetpack_shortlink":"https:\/\/wp.me\/p6OzWC-18e","jetpack-related-posts":[],"jetpack_likes_enabled":true,"_links":{"self":[{"href":"https:\/\/www.djk-wenighoesbach.de\/index.php?rest_route=\/wp\/v2\/posts\/4354"}],"collection":[{"href":"https:\/\/www.djk-wenighoesbach.de\/index.php?rest_route=\/wp\/v2\/posts"}],"about":[{"href":"https:\/\/www.djk-wenighoesbach.de\/index.php?rest_route=\/wp\/v2\/types\/post"}],"author":[{"embeddable":true,"href":"https:\/\/www.djk-wenighoesbach.de\/index.php?rest_route=\/wp\/v2\/users\/1"}],"replies":[{"embeddable":true,"href":"https:\/\/www.djk-wenighoesbach.de\/index.php?rest_route=%2Fwp%2Fv2%2Fcomments&post=4354"}],"version-history":[{"count":1,"href":"https:\/\/www.djk-wenighoesbach.de\/index.php?rest_route=\/wp\/v2\/posts\/4354\/revisions"}],"predecessor-version":[{"id":4355,"href":"https:\/\/www.djk-wenighoesbach.de\/index.php?rest_route=\/wp\/v2\/posts\/4354\/revisions\/4355"}],"wp:attachment":[{"href":"https:\/\/www.djk-wenighoesbach.de\/index.php?rest_route=%2Fwp%2Fv2%2Fmedia&parent=4354"}],"wp:term":[{"taxonomy":"category","embeddable":true,"href":"https:\/\/www.djk-wenighoesbach.de\/index.php?rest_route=%2Fwp%2Fv2%2Fcategories&post=4354"},{"taxonomy":"post_tag","embeddable":true,"href":"https:\/\/www.djk-wenighoesbach.de\/index.php?rest_route=%2Fwp%2Fv2%2Ftags&post=4354"}],"curies":[{"name":"wp","href":"https:\/\/api.w.org\/{rel}","templated":true}]}}