{"id":4278,"date":"2019-02-11T17:45:13","date_gmt":"2019-02-11T16:45:13","guid":{"rendered":"http:\/\/www.djk-wenighoesbach.de\/?p=4278"},"modified":"2019-02-11T17:47:55","modified_gmt":"2019-02-11T16:47:55","slug":"kinderfasching-2019","status":"publish","type":"post","link":"https:\/\/www.djk-wenighoesbach.de\/?p=4278","title":{"rendered":"Kinderfasching 2019"},"content":{"rendered":"<p><img loading=\"lazy\" decoding=\"async\" data-attachment-id=\"4280\" data-permalink=\"https:\/\/www.djk-wenighoesbach.de\/?attachment_id=4280\" data-orig-file=\"https:\/\/i0.wp.com\/www.djk-wenighoesbach.de\/wp-content\/uploads\/2019\/02\/Ohne-Titel-1.jpg?fit=901%2C637&amp;ssl=1\" data-orig-size=\"901,637\" data-comments-opened=\"1\" data-image-meta=\"{&quot;aperture&quot;:&quot;0&quot;,&quot;credit&quot;:&quot;&quot;,&quot;camera&quot;:&quot;&quot;,&quot;caption&quot;:&quot;&quot;,&quot;created_timestamp&quot;:&quot;0&quot;,&quot;copyright&quot;:&quot;&quot;,&quot;focal_length&quot;:&quot;0&quot;,&quot;iso&quot;:&quot;0&quot;,&quot;shutter_speed&quot;:&quot;0&quot;,&quot;title&quot;:&quot;&quot;,&quot;orientation&quot;:&quot;0&quot;}\" data-image-title=\"Ohne Titel\" data-image-description=\"\" data-image-caption=\"\" data-medium-file=\"https:\/\/i0.wp.com\/www.djk-wenighoesbach.de\/wp-content\/uploads\/2019\/02\/Ohne-Titel-1.jpg?fit=300%2C212&amp;ssl=1\" data-large-file=\"https:\/\/i0.wp.com\/www.djk-wenighoesbach.de\/wp-content\/uploads\/2019\/02\/Ohne-Titel-1.jpg?fit=901%2C637&amp;ssl=1\" tabindex=\"0\" role=\"button\" class=\"size-medium wp-image-4280 alignnone\" src=\"https:\/\/i0.wp.com\/www.djk-wenighoesbach.de\/wp-content\/uploads\/2019\/02\/Ohne-Titel-1.jpg?resize=300%2C212\" alt=\"\" width=\"300\" height=\"212\" srcset=\"https:\/\/i0.wp.com\/www.djk-wenighoesbach.de\/wp-content\/uploads\/2019\/02\/Ohne-Titel-1.jpg?resize=300%2C212&amp;ssl=1 300w, https:\/\/i0.wp.com\/www.djk-wenighoesbach.de\/wp-content\/uploads\/2019\/02\/Ohne-Titel-1.jpg?resize=768%2C543&amp;ssl=1 768w, https:\/\/i0.wp.com\/www.djk-wenighoesbach.de\/wp-content\/uploads\/2019\/02\/Ohne-Titel-1.jpg?w=901&amp;ssl=1 901w\" sizes=\"(max-width: 300px) 100vw, 300px\" data-recalc-dims=\"1\" \/><\/p>\n<p>&nbsp;<\/p>\n<p>Die DJK l\u00e4dt zum Kinder Fasching 2019 im Sportheim in Wenigh\u00f6sbach.<\/p>\n<p>Am Faschingsdienstag, den 05.03.2019<br \/>\nfeiern wir ab 13:59mit spannenden Spielen.<\/p>\n<p>Gemeinsam mit Euch wollen wir<br \/>\neinen phantastischen Nachmittag verbringen.<\/p>\n<p>Gerne d\u00fcrft ihr nat\u00fcrlich auch eure Omas, Opas<br \/>\nTanten, Onkel und Freunde mitbringen.<br \/>\nF\u00fcr das leibliche Wohl ist bestens gesorgt.<\/p>\n<p>Wir freuen uns auf Euch<\/p>\n<p>Der Eintritt ist selbstverst\u00e4ndlich frei<\/p>\n<p>Hier gehts zum <a href=\"https:\/\/www.facebook.com\/events\/295541611122103\/\" target=\"_blank\" rel=\"noopener\">Facebookevent&#8230;<\/a><\/p>\n","protected":false},"excerpt":{"rendered":"<p>&nbsp; Die DJK l\u00e4dt zum Kinder Fasching 2019 im Sportheim in Wenigh\u00f6sbach. Am Faschingsdienstag, den 05.03.2019 feiern wir ab 13:59mit spannenden Spielen. Gemeinsam mit Euch wollen wir einen phantastischen Nachmittag verbringen. Gerne d\u00fcrft ihr nat\u00fcrlich auch eure Omas, Opas Tanten, Onkel und Freunde mitbringen. F\u00fcr das leibliche Wohl ist bestens gesorgt. Wir freuen uns auf [&hellip;]<\/p>\n","protected":false},"author":1,"featured_media":0,"comment_status":"open","ping_status":"open","sticky":false,"template":"","format":"standard","meta":{"jetpack_post_was_ever_published":false,"_jetpack_newsletter_access":"","_jetpack_dont_email_post_to_subs":false,"_jetpack_newsletter_tier_id":0,"_jetpack_memberships_contains_paywalled_content":false,"footnotes":"","_jetpack_memberships_contains_paid_content":false,"jetpack_publicize_message":"","jetpack_publicize_feature_enabled":true,"jetpack_social_post_already_shared":true,"jetpack_social_options":{"image_generator_settings":{"template":"highway","enabled":false},"version":2}},"categories":[15],"tags":[],"jetpack_publicize_connections":[],"jetpack_featured_media_url":"","jetpack_sharing_enabled":true,"jetpack_shortlink":"https:\/\/wp.me\/p6OzWC-170","jetpack-related-posts":[],"jetpack_likes_enabled":true,"_links":{"self":[{"href":"https:\/\/www.djk-wenighoesbach.de\/index.php?rest_route=\/wp\/v2\/posts\/4278"}],"collection":[{"href":"https:\/\/www.djk-wenighoesbach.de\/index.php?rest_route=\/wp\/v2\/posts"}],"about":[{"href":"https:\/\/www.djk-wenighoesbach.de\/index.php?rest_route=\/wp\/v2\/types\/post"}],"author":[{"embeddable":true,"href":"https:\/\/www.djk-wenighoesbach.de\/index.php?rest_route=\/wp\/v2\/users\/1"}],"replies":[{"embeddable":true,"href":"https:\/\/www.djk-wenighoesbach.de\/index.php?rest_route=%2Fwp%2Fv2%2Fcomments&post=4278"}],"version-history":[{"count":4,"href":"https:\/\/www.djk-wenighoesbach.de\/index.php?rest_route=\/wp\/v2\/posts\/4278\/revisions"}],"predecessor-version":[{"id":4285,"href":"https:\/\/www.djk-wenighoesbach.de\/index.php?rest_route=\/wp\/v2\/posts\/4278\/revisions\/4285"}],"wp:attachment":[{"href":"https:\/\/www.djk-wenighoesbach.de\/index.php?rest_route=%2Fwp%2Fv2%2Fmedia&parent=4278"}],"wp:term":[{"taxonomy":"category","embeddable":true,"href":"https:\/\/www.djk-wenighoesbach.de\/index.php?rest_route=%2Fwp%2Fv2%2Fcategories&post=4278"},{"taxonomy":"post_tag","embeddable":true,"href":"https:\/\/www.djk-wenighoesbach.de\/index.php?rest_route=%2Fwp%2Fv2%2Ftags&post=4278"}],"curies":[{"name":"wp","href":"https:\/\/api.w.org\/{rel}","templated":true}]}}