{"id":4210,"date":"2018-10-14T21:38:02","date_gmt":"2018-10-14T20:38:02","guid":{"rendered":"http:\/\/www.djk-wenighoesbach.de\/?p=4210"},"modified":"2018-10-14T21:38:02","modified_gmt":"2018-10-14T20:38:02","slug":"d-jugend-8","status":"publish","type":"post","link":"https:\/\/www.djk-wenighoesbach.de\/?p=4210","title":{"rendered":"D-Jugend"},"content":{"rendered":"<p class=\"ydp29faf7beMsoNormal\"><strong>Team 1:<\/strong><\/p>\n<p class=\"ydp29faf7beMsoNormal\"><em><strong>SG VfR \/ DJK \/ FCH &#8211; JFG Mittlerer Kahlgrund \u00a00:2<\/strong><\/em><\/p>\n<p class=\"ydp29faf7beMsoNormal\">Am 6. Spieltag hatten wir ein Heimspiel gegen die JFG Mittlerer Kahlgrund.<\/p>\n<p class=\"ydp29faf7beMsoNormal\">Zun\u00e4chst konnten wir das Spiel noch recht ausgeglichen halten ohne gro\u00dfe Chancen auf beiden Seiten. Durch einen ungl\u00fccklichen Gegentreffer in der 21. Minuten gerieten wir in R\u00fcckstand. Auch wenn wir uns f\u00fcr die Halbzeit viel vorgenommen hatten, konnten wir wenig umsetzen und bekamen\u00a0 kurz nach der Pause den 2. Gegentreffer. Davon konnten wir uns nicht mehr erholen und verloren am Ende verdient mit 0:2.<\/p>\n<p class=\"ydp29faf7beMsoNormal\">Somit hei\u00dft es jetzt Abstiegskampf in der Kreisliga.<\/p>\n<p class=\"ydp29faf7beMsoNormal\"><em><strong>Vorschau:<\/strong><\/em> Samstag 20.10.2018, 13:15Uhr in Hausen gegen JFG Vorspessart.<\/p>\n<p class=\"ydp29faf7beMsoNormal\">\n<p class=\"ydp29faf7beMsoNormal\"><strong>Team 2:<\/strong><\/p>\n<p class=\"ydp29faf7beMsoNormal\"><em><strong>JFG Hochspessart 2 &#8211; SG DJK \/ VfR \/ FCH\u00a0 4:0<\/strong><\/em><\/p>\n<p class=\"ydp29faf7beMsoNormal\">Bereits am Mittwoch waren wir in Wiesen. Dort war leider nicht viel zu ernten.<\/p>\n<p class=\"ydp29faf7beMsoNormal\"><em><strong>SG DJK \/ VfR \/ FCH &#8211; JFG Mittlerer Kahlgrund IV\u00a0 9:0<\/strong><\/em><\/p>\n<p class=\"ydp29faf7beMsoNormal\">Beim Heimspiel am Freitag lief es besser. Gegen die ersatzgeschw\u00e4chten G\u00e4ste konnten wir bereits in der 3.Minute den ersten Treffer erzielen. Gute Leistung aller eingesetzten Spieler.<\/p>\n<p class=\"ydp29faf7beMsoNormal\"><em><strong>Tore:<\/strong> <\/em>Max 4, Shazad 3, Julius 2.<\/p>\n","protected":false},"excerpt":{"rendered":"<p>Team 1: SG VfR \/ DJK \/ FCH &#8211; JFG Mittlerer Kahlgrund \u00a00:2 Am 6. Spieltag hatten wir ein Heimspiel gegen die JFG Mittlerer Kahlgrund. Zun\u00e4chst konnten wir das Spiel noch recht ausgeglichen halten ohne gro\u00dfe Chancen auf beiden Seiten. Durch einen ungl\u00fccklichen Gegentreffer in der 21. Minuten gerieten wir in R\u00fcckstand. Auch wenn wir [&hellip;]<\/p>\n","protected":false},"author":1,"featured_media":0,"comment_status":"open","ping_status":"open","sticky":false,"template":"","format":"standard","meta":{"jetpack_post_was_ever_published":false,"_jetpack_newsletter_access":"","_jetpack_dont_email_post_to_subs":false,"_jetpack_newsletter_tier_id":0,"_jetpack_memberships_contains_paywalled_content":false,"footnotes":"","_jetpack_memberships_contains_paid_content":false,"jetpack_publicize_message":"","jetpack_publicize_feature_enabled":true,"jetpack_social_post_already_shared":true,"jetpack_social_options":{"image_generator_settings":{"template":"highway","enabled":false},"version":2}},"categories":[5,8],"tags":[],"jetpack_publicize_connections":[],"jetpack_featured_media_url":"","jetpack_sharing_enabled":true,"jetpack_shortlink":"https:\/\/wp.me\/p6OzWC-15U","jetpack-related-posts":[],"jetpack_likes_enabled":true,"_links":{"self":[{"href":"https:\/\/www.djk-wenighoesbach.de\/index.php?rest_route=\/wp\/v2\/posts\/4210"}],"collection":[{"href":"https:\/\/www.djk-wenighoesbach.de\/index.php?rest_route=\/wp\/v2\/posts"}],"about":[{"href":"https:\/\/www.djk-wenighoesbach.de\/index.php?rest_route=\/wp\/v2\/types\/post"}],"author":[{"embeddable":true,"href":"https:\/\/www.djk-wenighoesbach.de\/index.php?rest_route=\/wp\/v2\/users\/1"}],"replies":[{"embeddable":true,"href":"https:\/\/www.djk-wenighoesbach.de\/index.php?rest_route=%2Fwp%2Fv2%2Fcomments&post=4210"}],"version-history":[{"count":1,"href":"https:\/\/www.djk-wenighoesbach.de\/index.php?rest_route=\/wp\/v2\/posts\/4210\/revisions"}],"predecessor-version":[{"id":4211,"href":"https:\/\/www.djk-wenighoesbach.de\/index.php?rest_route=\/wp\/v2\/posts\/4210\/revisions\/4211"}],"wp:attachment":[{"href":"https:\/\/www.djk-wenighoesbach.de\/index.php?rest_route=%2Fwp%2Fv2%2Fmedia&parent=4210"}],"wp:term":[{"taxonomy":"category","embeddable":true,"href":"https:\/\/www.djk-wenighoesbach.de\/index.php?rest_route=%2Fwp%2Fv2%2Fcategories&post=4210"},{"taxonomy":"post_tag","embeddable":true,"href":"https:\/\/www.djk-wenighoesbach.de\/index.php?rest_route=%2Fwp%2Fv2%2Ftags&post=4210"}],"curies":[{"name":"wp","href":"https:\/\/api.w.org\/{rel}","templated":true}]}}