{"id":4200,"date":"2018-10-01T19:59:56","date_gmt":"2018-10-01T18:59:56","guid":{"rendered":"http:\/\/www.djk-wenighoesbach.de\/?p=4200"},"modified":"2018-10-01T19:59:56","modified_gmt":"2018-10-01T18:59:56","slug":"d-jugend-3","status":"publish","type":"post","link":"https:\/\/www.djk-wenighoesbach.de\/?p=4200","title":{"rendered":"D-Jugend"},"content":{"rendered":"<p class=\"ydpeaa4bc11MsoNormal\"><strong>SG VfR \/ DJK \/ FCH<\/strong><\/p>\n<p class=\"ydpeaa4bc11MsoNormal\">In der Saison 2018\/2019 treten der VfR Goldbach, der FC H\u00f6sbach und die DJK Wenigh\u00f6sbach in der U13 als Spielgemeinschaft an und gehen mit 2 Mannschaften in die Runde.<\/p>\n<p class=\"ydpeaa4bc11MsoNormal\">Am Samstag bestritt Team 1 Ihr erstes Saisonspiel in der Kreisliga beim TV Aschaffenburg.<\/p>\n<p class=\"ydpeaa4bc11MsoNormal\">In einem engen Spiel konnten wir durch einen fulminanten Freisto\u00df gleich zu Spielbeginn in F\u00fchrung gehen und waren spiel\u00fcberlegen. Mitte der ersten Halbzeit mussten wir dann den Ausgleich hinnehmen und verloren etwas den Faden.<\/p>\n<p class=\"ydpeaa4bc11MsoNormal\">Auch in der zweiten Halbzeit hatten wir mehr vom Spiel. Leider hat die letzte Pr\u00e4zision im Passspiel und das \u201eZielwasser\u201c vor dem Tor noch gefehlt.<\/p>\n<p class=\"ydpeaa4bc11MsoNormal\">Insgesamt hat sich unsere neu formierte Mannschaft gut pr\u00e4sentiert und immer wieder gute Ans\u00e4tze gezeigt. Darauf l\u00e4sst es sich aufbauen.<\/p>\n<p class=\"ydpeaa4bc11MsoNormal\">TV Aschaffenburg &#8211; SG VfR \/ DJK \/ FCH 1:1<\/p>\n<p class=\"ydpeaa4bc11MsoNormal\"><em><strong>Tor:<\/strong><\/em> Max<\/p>\n<p class=\"ydpeaa4bc11MsoNormal\"><em><strong>Vorschau:<\/strong> <\/em>Team 1 spielt am Samstag um 13.15 Uhr in \/ gegen SG Strietwald.<\/p>\n<p class=\"ydpeaa4bc11MsoNormal\">\n<p class=\"ydpeaa4bc11MsoNormal\"><strong>SG DJK \/ VfR \/ FCH<\/strong><\/p>\n<p class=\"ydpeaa4bc11MsoNormal\">Das Spiel vom Team 2 wurde verlegt auf den Donnerstag 20.09.2018 um 17.30 Uhr in Oberafferbach gegen JFG Mittlerer Kahlgrund 4.<\/p>\n<p class=\"ydpeaa4bc11MsoNormal\">Team 2 hat gleich am Freitag 21.09.2018 um 18.30 Uhr das n\u00e4chste Spiel in Wiesen gegen JFG Hochspessart 2.<\/p>\n","protected":false},"excerpt":{"rendered":"<p>SG VfR \/ DJK \/ FCH In der Saison 2018\/2019 treten der VfR Goldbach, der FC H\u00f6sbach und die DJK Wenigh\u00f6sbach in der U13 als Spielgemeinschaft an und gehen mit 2 Mannschaften in die Runde. Am Samstag bestritt Team 1 Ihr erstes Saisonspiel in der Kreisliga beim TV Aschaffenburg. In einem engen Spiel konnten wir [&hellip;]<\/p>\n","protected":false},"author":1,"featured_media":0,"comment_status":"open","ping_status":"open","sticky":false,"template":"","format":"standard","meta":{"jetpack_post_was_ever_published":false,"_jetpack_newsletter_access":"","_jetpack_dont_email_post_to_subs":false,"_jetpack_newsletter_tier_id":0,"_jetpack_memberships_contains_paywalled_content":false,"footnotes":"","_jetpack_memberships_contains_paid_content":false,"jetpack_publicize_message":"","jetpack_publicize_feature_enabled":true,"jetpack_social_post_already_shared":true,"jetpack_social_options":{"image_generator_settings":{"template":"highway","enabled":false},"version":2}},"categories":[5,8],"tags":[],"jetpack_publicize_connections":[],"jetpack_featured_media_url":"","jetpack_sharing_enabled":true,"jetpack_shortlink":"https:\/\/wp.me\/p6OzWC-15K","jetpack-related-posts":[],"jetpack_likes_enabled":true,"_links":{"self":[{"href":"https:\/\/www.djk-wenighoesbach.de\/index.php?rest_route=\/wp\/v2\/posts\/4200"}],"collection":[{"href":"https:\/\/www.djk-wenighoesbach.de\/index.php?rest_route=\/wp\/v2\/posts"}],"about":[{"href":"https:\/\/www.djk-wenighoesbach.de\/index.php?rest_route=\/wp\/v2\/types\/post"}],"author":[{"embeddable":true,"href":"https:\/\/www.djk-wenighoesbach.de\/index.php?rest_route=\/wp\/v2\/users\/1"}],"replies":[{"embeddable":true,"href":"https:\/\/www.djk-wenighoesbach.de\/index.php?rest_route=%2Fwp%2Fv2%2Fcomments&post=4200"}],"version-history":[{"count":1,"href":"https:\/\/www.djk-wenighoesbach.de\/index.php?rest_route=\/wp\/v2\/posts\/4200\/revisions"}],"predecessor-version":[{"id":4201,"href":"https:\/\/www.djk-wenighoesbach.de\/index.php?rest_route=\/wp\/v2\/posts\/4200\/revisions\/4201"}],"wp:attachment":[{"href":"https:\/\/www.djk-wenighoesbach.de\/index.php?rest_route=%2Fwp%2Fv2%2Fmedia&parent=4200"}],"wp:term":[{"taxonomy":"category","embeddable":true,"href":"https:\/\/www.djk-wenighoesbach.de\/index.php?rest_route=%2Fwp%2Fv2%2Fcategories&post=4200"},{"taxonomy":"post_tag","embeddable":true,"href":"https:\/\/www.djk-wenighoesbach.de\/index.php?rest_route=%2Fwp%2Fv2%2Ftags&post=4200"}],"curies":[{"name":"wp","href":"https:\/\/api.w.org\/{rel}","templated":true}]}}