{"id":4119,"date":"2018-03-10T23:02:48","date_gmt":"2018-03-10T22:02:48","guid":{"rendered":"http:\/\/www.djk-wenighoesbach.de\/?p=4119"},"modified":"2018-03-10T23:07:43","modified_gmt":"2018-03-10T22:07:43","slug":"4119","status":"publish","type":"post","link":"https:\/\/www.djk-wenighoesbach.de\/?p=4119","title":{"rendered":"Personalkarussell"},"content":{"rendered":"<p>Die DJK Wenigh\u00f6sbach startet mit einem neunen Trainer in die Runde 2018\/2019<\/p>\n<p>Das Sportjahr 2018 ist noch nicht wirklich angelaufen und die DJK aus Wenigh\u00f6sbach darf bereits erfreuliche Nachrichten verk\u00fcnden! F\u00fcr die kommende Saison ist es den Adlern gelungen mit Sven Durschang einen neuen erfahrenen Mann an der Au\u00dfenlinie zu verpflichten.<\/p>\n<p>Die bereits laufende R\u00fcckrunde wird jedoch nach wie vor Michael Lang als \u00dcbungsleiter durchf\u00fchren.<br \/>\nMichael Lang hat in der Saison 2013\/2014 als A-Jugend Trainer begonnen und ist dann nach zwei erfolgreichen Jahren im Juniorenbereich zusammen mit vielen A-Jungendspielern in den aktiven Bereich gewechselt. Dort konnte er mit dem sofortigen Wiederaufstieg in die A-Klasse (als B-Klassenmeister) sowie dem Klassenerhalt in der vergangenen Saison einige beachtliche Erfolge verbuchen. Aktuell befinden sich die \u201eJ\u00f6cher\u201c mit 21 Punkten auf Platz 8 der Tabelle der A \u2013Klasse Aschaffenburg 2.<br \/>\nDie DJK bedankt sich f\u00fcr sein langj\u00e4hriges aufopferungsvolles Engagement in Wenigh\u00f6sbach und w\u00fcnscht ihm alles Gute f\u00fcr seine weitere Karriere.<\/p>\n<p>Mit Sven Durschang steht der neue Trainer auch schon einige Zeit fest. Der festen \u00dcberzeugung einen hervorragenden Trainer verpflichtet zu haben gehen sie nun voller Optimismus in die anstehende R\u00fcckrunde, ehe sie dann in der Saison 2018\/2019 einen Neustart wagen.<\/p>\n<p>Sven Durschang verdiente sich seine Sporen im Trainerbereich zun\u00e4chst als Co-Trainer bei der SG Strietwald und konnte sp\u00e4ter sogar mit den Sportfreunden Hausen sowie der SG Schimborn den Aufstieg bzw. den Meistertitel mit dem FC Unterafferbach verbuchen. Jetzt will er zusammen mit der jungen \u201eJ\u00f6cher\u201c Mannschaft an seine Erfolge ankn\u00fcpfen und den bestehenden Aufw\u00e4rtstrend der Wenigh\u00f6sbacher f\u00fcr eine erfolgreiche Zukunft mitnehmen.<\/p>\n<p><strong>Zur Person Sven Durschang:<\/strong><img loading=\"lazy\" decoding=\"async\" data-attachment-id=\"4120\" data-permalink=\"https:\/\/www.djk-wenighoesbach.de\/?attachment_id=4120\" data-orig-file=\"https:\/\/i0.wp.com\/www.djk-wenighoesbach.de\/wp-content\/uploads\/2018\/03\/image1.jpeg?fit=960%2C1280&amp;ssl=1\" data-orig-size=\"960,1280\" data-comments-opened=\"1\" data-image-meta=\"{&quot;aperture&quot;:&quot;0&quot;,&quot;credit&quot;:&quot;&quot;,&quot;camera&quot;:&quot;&quot;,&quot;caption&quot;:&quot;&quot;,&quot;created_timestamp&quot;:&quot;0&quot;,&quot;copyright&quot;:&quot;&quot;,&quot;focal_length&quot;:&quot;0&quot;,&quot;iso&quot;:&quot;0&quot;,&quot;shutter_speed&quot;:&quot;0&quot;,&quot;title&quot;:&quot;&quot;,&quot;orientation&quot;:&quot;0&quot;}\" data-image-title=\"Sven Durschang\" data-image-description=\"&lt;p&gt;Sven Durschang&lt;\/p&gt;\n\" data-image-caption=\"&lt;p&gt;Sven Durschang&lt;\/p&gt;\n\" data-medium-file=\"https:\/\/i0.wp.com\/www.djk-wenighoesbach.de\/wp-content\/uploads\/2018\/03\/image1.jpeg?fit=225%2C300&amp;ssl=1\" data-large-file=\"https:\/\/i0.wp.com\/www.djk-wenighoesbach.de\/wp-content\/uploads\/2018\/03\/image1.jpeg?fit=768%2C1024&amp;ssl=1\" tabindex=\"0\" role=\"button\" class=\"alignright wp-image-4120 size-thumbnail\" src=\"https:\/\/i0.wp.com\/www.djk-wenighoesbach.de\/wp-content\/uploads\/2018\/03\/image1.jpeg?resize=150%2C150\" alt=\"Sven Durschang\" width=\"150\" height=\"150\" srcset=\"https:\/\/i0.wp.com\/www.djk-wenighoesbach.de\/wp-content\/uploads\/2018\/03\/image1.jpeg?resize=150%2C150&amp;ssl=1 150w, https:\/\/i0.wp.com\/www.djk-wenighoesbach.de\/wp-content\/uploads\/2018\/03\/image1.jpeg?resize=144%2C144&amp;ssl=1 144w, https:\/\/i0.wp.com\/www.djk-wenighoesbach.de\/wp-content\/uploads\/2018\/03\/image1.jpeg?zoom=2&amp;resize=150%2C150 300w, https:\/\/i0.wp.com\/www.djk-wenighoesbach.de\/wp-content\/uploads\/2018\/03\/image1.jpeg?zoom=3&amp;resize=150%2C150 450w\" sizes=\"(max-width: 150px) 100vw, 150px\" data-recalc-dims=\"1\" \/><\/p>\n<p><em><strong>Alter:<\/strong><\/em>41 Jahre jung<br \/>\n<strong><em>Beruf:<\/em><\/strong> Lehrer<br \/>\n<strong><em>Vereine als aktiver:\u00a0<\/em><\/strong>Vorw\u00e4rts Kleinostheim, SG Strietwald,<br \/>\nAlemania Haibach, FC Unterafferbach<br \/>\n<em><strong>Trainerstationen:<\/strong> <\/em>SG Strietwald (Co), Sportfreunde Hausen,\u00a0TV Wasserlos, SG Schimborn, FC Unterafferbach<\/p>\n<p>&nbsp;<\/p>\n","protected":false},"excerpt":{"rendered":"<p>Die DJK Wenigh\u00f6sbach startet mit einem neunen Trainer in die Runde 2018\/2019 Das Sportjahr 2018 ist noch nicht wirklich angelaufen und die DJK aus Wenigh\u00f6sbach darf bereits erfreuliche Nachrichten verk\u00fcnden! F\u00fcr die kommende Saison ist es den Adlern gelungen mit Sven Durschang einen neuen erfahrenen Mann an der Au\u00dfenlinie zu verpflichten. Die bereits laufende R\u00fcckrunde [&hellip;]<\/p>\n","protected":false},"author":1,"featured_media":0,"comment_status":"open","ping_status":"open","sticky":false,"template":"","format":"standard","meta":{"jetpack_post_was_ever_published":false,"_jetpack_newsletter_access":"","_jetpack_dont_email_post_to_subs":false,"_jetpack_newsletter_tier_id":0,"_jetpack_memberships_contains_paywalled_content":false,"footnotes":"","_jetpack_memberships_contains_paid_content":false,"jetpack_publicize_message":"","jetpack_publicize_feature_enabled":true,"jetpack_social_post_already_shared":true,"jetpack_social_options":{"image_generator_settings":{"template":"highway","enabled":false},"version":2}},"categories":[5,4],"tags":[],"jetpack_publicize_connections":[],"jetpack_featured_media_url":"","jetpack_sharing_enabled":true,"jetpack_shortlink":"https:\/\/wp.me\/s6OzWC-4119","jetpack-related-posts":[],"jetpack_likes_enabled":true,"_links":{"self":[{"href":"https:\/\/www.djk-wenighoesbach.de\/index.php?rest_route=\/wp\/v2\/posts\/4119"}],"collection":[{"href":"https:\/\/www.djk-wenighoesbach.de\/index.php?rest_route=\/wp\/v2\/posts"}],"about":[{"href":"https:\/\/www.djk-wenighoesbach.de\/index.php?rest_route=\/wp\/v2\/types\/post"}],"author":[{"embeddable":true,"href":"https:\/\/www.djk-wenighoesbach.de\/index.php?rest_route=\/wp\/v2\/users\/1"}],"replies":[{"embeddable":true,"href":"https:\/\/www.djk-wenighoesbach.de\/index.php?rest_route=%2Fwp%2Fv2%2Fcomments&post=4119"}],"version-history":[{"count":8,"href":"https:\/\/www.djk-wenighoesbach.de\/index.php?rest_route=\/wp\/v2\/posts\/4119\/revisions"}],"predecessor-version":[{"id":4128,"href":"https:\/\/www.djk-wenighoesbach.de\/index.php?rest_route=\/wp\/v2\/posts\/4119\/revisions\/4128"}],"wp:attachment":[{"href":"https:\/\/www.djk-wenighoesbach.de\/index.php?rest_route=%2Fwp%2Fv2%2Fmedia&parent=4119"}],"wp:term":[{"taxonomy":"category","embeddable":true,"href":"https:\/\/www.djk-wenighoesbach.de\/index.php?rest_route=%2Fwp%2Fv2%2Fcategories&post=4119"},{"taxonomy":"post_tag","embeddable":true,"href":"https:\/\/www.djk-wenighoesbach.de\/index.php?rest_route=%2Fwp%2Fv2%2Ftags&post=4119"}],"curies":[{"name":"wp","href":"https:\/\/api.w.org\/{rel}","templated":true}]}}