{"id":3730,"date":"2016-06-20T19:02:55","date_gmt":"2016-06-20T18:02:55","guid":{"rendered":"http:\/\/www.djk-wenighoesbach.de\/?p=3730"},"modified":"2016-06-20T19:02:55","modified_gmt":"2016-06-20T18:02:55","slug":"b-jugend-2","status":"publish","type":"post","link":"https:\/\/www.djk-wenighoesbach.de\/?p=3730","title":{"rendered":"B-Jugend"},"content":{"rendered":"<p><b>\u00a024. Spieltag Kreisklasse AB vom 12.06.2016<\/b><\/p>\n<p><b><i>Elsava Elsenfeld \u2013 SG Unterafferbach2:5(HZ 2:3)<\/i><\/b><br \/>\nEs ist vollbracht!! Bereits zwei Spieltage vor Saisonende konnte unsere U17 vorzeitig die Meisterschaft in der Kreisklasse einfahren und steigt somit hochverdient in die Kreisliga auf.<br \/>\nIn einem vor allem in Halbzeit eins hei\u00df umk\u00e4mpften Match konnten wir die Elsenfelder niederringen.<br \/>\nErst nach unserem Doppelschlag in der 69. + 70. Spielminute war die Partie entschieden.<br \/>\n<b><i>Torsch\u00fctzen<\/i><\/b>: Marius Kraft(2), Emil Beucker, Jonas Neuerer, Cristopher Staab<\/p>\n<p><b><i>Vorschau B1<\/i><\/b>:<br \/>\nSonntag, 19.06.2016, 10:30 Uhr<br \/>\nSG Unterafferbach \u2013 JFG Hochspessart<\/p>\n<p>&nbsp;<\/p>\n<p><b>25. Spieltag Kreisklasse AB 19.06.2016<\/b><\/p>\n<p><b><i> SG Unterafferbach \u2013 JFG Hochspessart 4:2 (HZ 2:0)<br \/>\n<\/i><\/b>Unsere B-Junioren konnten auch ihr letztes Heimspiel f\u00fcr sich entscheiden und siegten hochverdient. Die beiden Treffer der G\u00e4ste fielen erst nach unsere 4:0 F\u00fchrung als die Konzentration entsprechend nachlie\u00df.<br \/>\n<b><i>Torsch\u00fctzen: <\/i><\/b>Marius Kraft , Jonas Neuerer , Julian V\u00f6lkl, Christopher Staab<br \/>\n<b><i>Vorschau B1<\/i><\/b>:<br \/>\nSonntag 26. Juni, 10:30 Uhr in Laufach<br \/>\nSpVgg H\u00f6sbach-Bahnhof \u2013 SG Unterafferbach<\/p>\n<p>&nbsp;<\/p>\n<p>&nbsp;<\/p>\n","protected":false},"excerpt":{"rendered":"<p>\u00a024. Spieltag Kreisklasse AB vom 12.06.2016 Elsava Elsenfeld \u2013 SG Unterafferbach2:5(HZ 2:3) Es ist vollbracht!! Bereits zwei Spieltage vor Saisonende konnte unsere U17 vorzeitig die Meisterschaft in der Kreisklasse einfahren und steigt somit hochverdient in die Kreisliga auf. In einem vor allem in Halbzeit eins hei\u00df umk\u00e4mpften Match konnten wir die Elsenfelder niederringen. Erst nach [&hellip;]<\/p>\n","protected":false},"author":1,"featured_media":0,"comment_status":"open","ping_status":"open","sticky":false,"template":"","format":"standard","meta":{"jetpack_post_was_ever_published":false,"_jetpack_newsletter_access":"","_jetpack_dont_email_post_to_subs":false,"_jetpack_newsletter_tier_id":0,"_jetpack_memberships_contains_paywalled_content":false,"footnotes":"","_jetpack_memberships_contains_paid_content":false,"jetpack_publicize_message":"","jetpack_publicize_feature_enabled":true,"jetpack_social_post_already_shared":true,"jetpack_social_options":{"image_generator_settings":{"template":"highway","enabled":false},"version":2}},"categories":[5,8],"tags":[],"jetpack_publicize_connections":[],"jetpack_featured_media_url":"","jetpack_sharing_enabled":true,"jetpack_shortlink":"https:\/\/wp.me\/p6OzWC-Ya","jetpack-related-posts":[],"jetpack_likes_enabled":true,"_links":{"self":[{"href":"https:\/\/www.djk-wenighoesbach.de\/index.php?rest_route=\/wp\/v2\/posts\/3730"}],"collection":[{"href":"https:\/\/www.djk-wenighoesbach.de\/index.php?rest_route=\/wp\/v2\/posts"}],"about":[{"href":"https:\/\/www.djk-wenighoesbach.de\/index.php?rest_route=\/wp\/v2\/types\/post"}],"author":[{"embeddable":true,"href":"https:\/\/www.djk-wenighoesbach.de\/index.php?rest_route=\/wp\/v2\/users\/1"}],"replies":[{"embeddable":true,"href":"https:\/\/www.djk-wenighoesbach.de\/index.php?rest_route=%2Fwp%2Fv2%2Fcomments&post=3730"}],"version-history":[{"count":1,"href":"https:\/\/www.djk-wenighoesbach.de\/index.php?rest_route=\/wp\/v2\/posts\/3730\/revisions"}],"predecessor-version":[{"id":3731,"href":"https:\/\/www.djk-wenighoesbach.de\/index.php?rest_route=\/wp\/v2\/posts\/3730\/revisions\/3731"}],"wp:attachment":[{"href":"https:\/\/www.djk-wenighoesbach.de\/index.php?rest_route=%2Fwp%2Fv2%2Fmedia&parent=3730"}],"wp:term":[{"taxonomy":"category","embeddable":true,"href":"https:\/\/www.djk-wenighoesbach.de\/index.php?rest_route=%2Fwp%2Fv2%2Fcategories&post=3730"},{"taxonomy":"post_tag","embeddable":true,"href":"https:\/\/www.djk-wenighoesbach.de\/index.php?rest_route=%2Fwp%2Fv2%2Ftags&post=3730"}],"curies":[{"name":"wp","href":"https:\/\/api.w.org\/{rel}","templated":true}]}}