{"id":322,"date":"2010-05-18T10:52:47","date_gmt":"2010-05-18T10:52:47","guid":{"rendered":"http:\/\/www.djk-wenighoesbach.de\/?p=322"},"modified":"2010-09-21T09:02:44","modified_gmt":"2010-09-21T09:02:44","slug":"jugendabteilung-4","status":"publish","type":"post","link":"https:\/\/www.djk-wenighoesbach.de\/?p=322","title":{"rendered":"Jugendabteilung"},"content":{"rendered":"<p><strong>C Jugend DJK\/FCU<\/strong><\/p>\n<p><em>DJK\/FCU  &#8211; Spvgg Westerngrund  1 : 3<\/em><br \/>\nGegen den Tabellendritten aus Westerngrund konnten wir Anfangs gut mithalten und hatten sogar Pech mit einem Pfostenschuss. Eine kleine Unaufmerksamkeit nutzen die G\u00e4ste zu einem Doppelschlag zum 0:2. Dies brachte uns total aus dem Rhythmus und das Spiel war f\u00fcr uns gelaufen, zum Gl\u00fcck hatte Westerngrund auch nicht den besten Tag erwischt und nutzte die zahlreichen Chancen nicht oder scheiterte an unserem Torwart Dennis Sauer.<br \/>\nDas n\u00e4chste Spiel findet nach den Pfingstferien, am 19.06.10 statt, Training ist zu den gewohnten Zeiten.<\/p>\n<p><strong>D Jugend<\/strong><\/p>\n<p><em>DJK\/FCU \u2013 FC Laufach  1: 5<\/em><\/p>\n<p>Durch eine sch\u00f6ne Direktabnahme von Sebastian Meier nach Ecke von Bastian Kneuer gingen wir fr\u00fch in F\u00fchrung. Anschlie\u00dfend  spielten wir den Gegner f\u00f6rmlich an die Wand, hatten klarste Chancen um das Spiel vorzeitig zu entscheiden. Doch leider blieb es bei der knappen F\u00fchrung. Gleich nach Wiederbeginn hatten wir die n\u00e4chste Gro\u00dfchance, doch wieder wurde sie vergeben. So kam wie es kommen musste, der Gegner wurde st\u00e4rker, erzielte den Ausgleich und gleich darauf ging er auch noch in F\u00fchrung. Hinzu kam ein unsicherer Jungschiedsrichter der dem Gegner noch zwei irregul\u00e4re Treffer bescherte.<\/p>\n<p>Torsch\u00fctze: Sebastian Meier<\/p>\n<p><em>JFG Mittlerer Kahlgrund \u2013 DJK\/FCU  2 : 2<\/em><\/p>\n<p>Im Nachholspiel gegen die Kahlgr\u00fcnder gerieten wir schon nach f\u00fcnf Minuten in R\u00fcckstand. Mitte der ersten H\u00e4lfte konnte der Gegner sogar auf 2 : 0 erh\u00f6hen.<\/p>\n<p>Wer nun dachte unsere Mannschaft w\u00fcrde sich aufgeben, der hatte sich get\u00e4uscht.<\/p>\n<p>Noch vor dem Pausenpfiff verk\u00fcrzte Philipp Schell aus kurzer Entfernung auf 2 : 1.<\/p>\n<p>In der zweiten Halbzeit hielt unsere Truppe dem Druck des Gegners stand und lie\u00df kaum noch Chancen zu. Durch einen sch\u00f6nen Weitschuss von Nick Junge konnten wir den verdienten Ausgleich erzielen. Ein Lob an alle Spieler f\u00fcr eure gute Leistung.<\/p>\n<p>Torsch\u00fctzen: Philipp Schell und Nick Junge je 1 Tor.<\/p>\n<p>Das n\u00e4chste Spiel vom 12.06.10 gegen DJK Aschaffenburg muss noch verlegt werden. Der neue Termin steht noch nicht fest.<\/p>\n<p><strong>E 1 Jugend<\/strong><\/p>\n<p><em>FCU\/DJK  &#8211; Michelbach  3:3<\/em><\/p>\n<p>Verpasste Chancen verhindern Sieg<\/p>\n<p>Im ersten Spiel der R\u00fcckrunde zeigten unsere Nachwuchskicker, immer noch ersatzgeschw\u00e4cht, eine sehr gute, geschlossene Mannschaftsleistung gegen starke Michelbacher. Dabei konnten die Zuschauer wieder sehenswerte Spielz\u00fcge der jungen Wilden in Schwarz\/Rot bestaunen. Schon nach 4 Minuten gingen wir 1:0 in F\u00fchrung und konnten sp\u00e4ter auf 2:0 erh\u00f6hen. Die G\u00e4ste glichen noch bis zur Halbzeit auf 2:2 aus. In der 2. H\u00e4lfte \u00fcbernahm der Gast mit 2:3 das Ruder.<br \/>\nNach vielen, nicht genutzten Chancen, fiel dann doch noch das Tor zum Remis<\/p>\n<p>Durch Ausnutzung der Torchancen, mehr Konzentration und Abstimmung im Abwehrverhalten h\u00e4tte sogar ein Sieg erreicht werden k\u00f6nnen.<\/p>\n<p>Torsch\u00fctze: Philipp Schell 3 mal<\/p>\n","protected":false},"excerpt":{"rendered":"<p>C Jugend DJK\/FCU DJK\/FCU &#8211; Spvgg Westerngrund 1 : 3 Gegen den Tabellendritten aus Westerngrund konnten wir Anfangs gut mithalten und hatten sogar Pech mit einem Pfostenschuss. Eine kleine Unaufmerksamkeit nutzen die G\u00e4ste zu einem Doppelschlag zum 0:2. Dies brachte uns total aus dem Rhythmus und das Spiel war f\u00fcr uns gelaufen, zum Gl\u00fcck hatte [&hellip;]<\/p>\n","protected":false},"author":1,"featured_media":0,"comment_status":"closed","ping_status":"closed","sticky":false,"template":"","format":"standard","meta":{"jetpack_post_was_ever_published":false,"_jetpack_newsletter_access":"","_jetpack_dont_email_post_to_subs":false,"_jetpack_newsletter_tier_id":0,"_jetpack_memberships_contains_paywalled_content":false,"footnotes":"","_jetpack_memberships_contains_paid_content":false,"jetpack_publicize_message":"","jetpack_publicize_feature_enabled":true,"jetpack_social_post_already_shared":false,"jetpack_social_options":{"image_generator_settings":{"template":"highway","enabled":false},"version":2}},"categories":[5,8],"tags":[],"jetpack_publicize_connections":[],"jetpack_featured_media_url":"","jetpack_sharing_enabled":true,"jetpack_shortlink":"https:\/\/wp.me\/p6OzWC-5c","jetpack-related-posts":[],"jetpack_likes_enabled":true,"_links":{"self":[{"href":"https:\/\/www.djk-wenighoesbach.de\/index.php?rest_route=\/wp\/v2\/posts\/322"}],"collection":[{"href":"https:\/\/www.djk-wenighoesbach.de\/index.php?rest_route=\/wp\/v2\/posts"}],"about":[{"href":"https:\/\/www.djk-wenighoesbach.de\/index.php?rest_route=\/wp\/v2\/types\/post"}],"author":[{"embeddable":true,"href":"https:\/\/www.djk-wenighoesbach.de\/index.php?rest_route=\/wp\/v2\/users\/1"}],"replies":[{"embeddable":true,"href":"https:\/\/www.djk-wenighoesbach.de\/index.php?rest_route=%2Fwp%2Fv2%2Fcomments&post=322"}],"version-history":[{"count":1,"href":"https:\/\/www.djk-wenighoesbach.de\/index.php?rest_route=\/wp\/v2\/posts\/322\/revisions"}],"predecessor-version":[{"id":570,"href":"https:\/\/www.djk-wenighoesbach.de\/index.php?rest_route=\/wp\/v2\/posts\/322\/revisions\/570"}],"wp:attachment":[{"href":"https:\/\/www.djk-wenighoesbach.de\/index.php?rest_route=%2Fwp%2Fv2%2Fmedia&parent=322"}],"wp:term":[{"taxonomy":"category","embeddable":true,"href":"https:\/\/www.djk-wenighoesbach.de\/index.php?rest_route=%2Fwp%2Fv2%2Fcategories&post=322"},{"taxonomy":"post_tag","embeddable":true,"href":"https:\/\/www.djk-wenighoesbach.de\/index.php?rest_route=%2Fwp%2Fv2%2Ftags&post=322"}],"curies":[{"name":"wp","href":"https:\/\/api.w.org\/{rel}","templated":true}]}}