{"id":3153,"date":"2015-09-22T18:59:40","date_gmt":"2015-09-22T17:59:40","guid":{"rendered":"http:\/\/www.djk-wenighoesbach.de\/?p=3153"},"modified":"2015-09-22T18:59:40","modified_gmt":"2015-09-22T17:59:40","slug":"spielbericht-c-jugend","status":"publish","type":"post","link":"https:\/\/www.djk-wenighoesbach.de\/?p=3153","title":{"rendered":"Spielbericht C-Jugend"},"content":{"rendered":"<p><strong>Spielbericht C1 Junioren<\/strong><\/p>\n<p><em><strong>Pokalspiel vom 15.09.2015<\/strong><\/em><\/p>\n<p><em>SG Unterafferbach \u2013 JFG Vorspessart\u00a0\u00a0 7:5 (2:2, HZ: 1:0)<\/em><\/p>\n<p>Einen echten Pokalkrimi bekamen die zahlreichen Zuschauer geboten. Auf dem engen Kunstrasenplatz entwickelte sich eine kampfbetonte Partie, spielerisch merkte man beiden Mannschaften noch an, dass sie im ersten Pflichtspiel der Saison noch nicht richtig eingespielt waren. In der 20. Minute ging unser Team durch einen Freisto\u00df von Matteo mit 1:0 in F\u00fchrung, mit diesem Ergebnis ging es auch in die Pause.In H\u00e4lfte Zwei konnten wir die F\u00fchrung in der 48. Minute auf 2:0 ausbauen, vers\u00e4umten es aber leider in der Folgezeit den Sack endg\u00fcltig zuzumachen. Mit einem Doppelschlag in Spielminute 62 + 64 konnten die G\u00e4ste somit noch ausgleichen, somit musste ein Elfmeterschie\u00dfen entscheiden. W\u00e4hrend ein G\u00e4stespieler das Tor verfehlte, konnten unsere Sch\u00fctzen alle sicher verwandeln, somit haben unsere Jungs nicht unverdient die zweite Pokalrunde erreicht.<\/p>\n<p><em><strong>Torsch\u00fctzen:<\/strong> <\/em>Matteo Seibold, Liam Bashford<\/p>\n<p><em><strong>Elfmetersch\u00fctzen:<\/strong> <\/em>Matteo Seibold, Marvin Rot, Alex Busch, Andre Balog-Hedrich, Fritz Tinga<\/p>\n<p>_______________________________________________________________________________________________________<\/p>\n<p><strong>Spielbericht C1 Junioren vom 19.09.2015<\/strong><\/p>\n<p><em><strong>1.Spieltag Kreisliga AB<\/strong><\/em><\/p>\n<p><em>SG Unterafferbach \u2013 JFG Vorspessart\u00a0\u00a0\u00a0\u00a0\u00a0\u00a0\u00a0\u00a0\u00a0\u00a0\u00a0\u00a0\u00a0 1:3 \u00a0\u00a0\u00a0\u00a0\u00a0\u00a0\u00a0\u00a0\u00a0 (HZ 1:2)<\/em><\/p>\n<p>In ihrem ersten Kreisligaspiel erwischten unser Jungseinen Start nach Ma\u00df und wir konnten bereits in der 4. Spielminute mit 1:0 in F\u00fchrung gehen. Trotzdem tat sich die Mannschaft im Anschlu\u00df sehr schwer gegen einen sehr eng stehenden Gegner. Durch einen Abwehrfehler mussten wir bereits in der 10. Spielminute den Ausgleich hinnehmen. Durch einen musterg\u00fcltig vorgetragenen Konter gerieten wir kurz vor Halbzeit mit 1:2 ins Hintertreffen. Wir nahmen in der Pause einige Umstellungen vor um besser ins Spiel zu kommen was jedoch zu Beginn nicht funktionierte und wir kassierten das eins zu drei. Allerdings zeigte die Mannschaft anschlie\u00dfen Charakter und erspielte sich eine Handvoll sehr guter Torchancen heraus, wo jedoch der konsequente Abschluss fehlte.Fazit des Spiels k\u00e4mpferisch gute Leistung in der zweiten H\u00e4lfte jedoch mangelhafte Chancen-verwertung. Leider hatten wir keine Auswechselspieler und mussten eine komplette Halbzeit mit einem verletzten Torwart spielen.<\/p>\n<p><em><strong>Torsch\u00fctze:<\/strong> <\/em>Pascal Hoffart<\/p>\n<p>______________________________________________________________________________________________<\/p>\n<p><strong>Spielbericht C2 Junioren vom 19.09.2015<\/strong><\/p>\n<p><em><strong>1.Spieltag Gruppe AB01<\/strong><\/em><\/p>\n<p><em>SG Unterafferbach2 \u2013 SG Goldbach2\u00a0\u00a0\u00a0\u00a0\u00a0\u00a0\u00a0\u00a0\u00a0\u00a0\u00a0\u00a0\u00a0\u00a0\u00a0 1:12<\/em><\/p>\n","protected":false},"excerpt":{"rendered":"<p>Spielbericht C1 Junioren Pokalspiel vom 15.09.2015 SG Unterafferbach \u2013 JFG Vorspessart\u00a0\u00a0 7:5 (2:2, HZ: 1:0) Einen echten Pokalkrimi bekamen die zahlreichen Zuschauer geboten. Auf dem engen Kunstrasenplatz entwickelte sich eine kampfbetonte Partie, spielerisch merkte man beiden Mannschaften noch an, dass sie im ersten Pflichtspiel der Saison noch nicht richtig eingespielt waren. In der 20. Minute [&hellip;]<\/p>\n","protected":false},"author":1,"featured_media":0,"comment_status":"open","ping_status":"open","sticky":false,"template":"","format":"standard","meta":{"jetpack_post_was_ever_published":false,"_jetpack_newsletter_access":"","_jetpack_dont_email_post_to_subs":false,"_jetpack_newsletter_tier_id":0,"_jetpack_memberships_contains_paywalled_content":false,"footnotes":"","_jetpack_memberships_contains_paid_content":false,"jetpack_publicize_message":"","jetpack_publicize_feature_enabled":true,"jetpack_social_post_already_shared":false,"jetpack_social_options":{"image_generator_settings":{"template":"highway","enabled":false},"version":2}},"categories":[5,8],"tags":[],"jetpack_publicize_connections":[],"jetpack_featured_media_url":"","jetpack_sharing_enabled":true,"jetpack_shortlink":"https:\/\/wp.me\/p6OzWC-OR","jetpack-related-posts":[],"jetpack_likes_enabled":true,"_links":{"self":[{"href":"https:\/\/www.djk-wenighoesbach.de\/index.php?rest_route=\/wp\/v2\/posts\/3153"}],"collection":[{"href":"https:\/\/www.djk-wenighoesbach.de\/index.php?rest_route=\/wp\/v2\/posts"}],"about":[{"href":"https:\/\/www.djk-wenighoesbach.de\/index.php?rest_route=\/wp\/v2\/types\/post"}],"author":[{"embeddable":true,"href":"https:\/\/www.djk-wenighoesbach.de\/index.php?rest_route=\/wp\/v2\/users\/1"}],"replies":[{"embeddable":true,"href":"https:\/\/www.djk-wenighoesbach.de\/index.php?rest_route=%2Fwp%2Fv2%2Fcomments&post=3153"}],"version-history":[{"count":1,"href":"https:\/\/www.djk-wenighoesbach.de\/index.php?rest_route=\/wp\/v2\/posts\/3153\/revisions"}],"predecessor-version":[{"id":3154,"href":"https:\/\/www.djk-wenighoesbach.de\/index.php?rest_route=\/wp\/v2\/posts\/3153\/revisions\/3154"}],"wp:attachment":[{"href":"https:\/\/www.djk-wenighoesbach.de\/index.php?rest_route=%2Fwp%2Fv2%2Fmedia&parent=3153"}],"wp:term":[{"taxonomy":"category","embeddable":true,"href":"https:\/\/www.djk-wenighoesbach.de\/index.php?rest_route=%2Fwp%2Fv2%2Fcategories&post=3153"},{"taxonomy":"post_tag","embeddable":true,"href":"https:\/\/www.djk-wenighoesbach.de\/index.php?rest_route=%2Fwp%2Fv2%2Ftags&post=3153"}],"curies":[{"name":"wp","href":"https:\/\/api.w.org\/{rel}","templated":true}]}}