{"id":3140,"date":"2015-09-09T13:46:04","date_gmt":"2015-09-09T12:46:04","guid":{"rendered":"http:\/\/www.djk-wenighoesbach.de\/?p=3140"},"modified":"2015-09-09T13:46:04","modified_gmt":"2015-09-09T12:46:04","slug":"nachruf-theo-eckert","status":"publish","type":"post","link":"https:\/\/www.djk-wenighoesbach.de\/?p=3140","title":{"rendered":"Nachruf Theo Eckert"},"content":{"rendered":"<p class=\"western\"><strong>Der &#8222;Beckenbauer&#8220; der DJK ist verstorben<\/strong><\/p>\n<p class=\"western\"><i><span style=\"font-size: medium;\"><span style=\"font-size: small;\">Die DJK Wenigh\u00f6sbach\u00a0wird sich stets dankbar an ihn erinnern, denn Theo war in den <\/span><span style=\"font-size: small;\"><b>Anfangsjahren<\/b><\/span><span style=\"font-size: small;\"> unseres Vereins ma\u00dfgeblich am Aufbau der DJK beteiligt. Er war 1962 <\/span><span style=\"font-size: small;\"><b>Gr\u00fcndungsmitglied<\/b><\/span><span style=\"font-size: small;\"> und blieb der DJK treu bis zu seinem Tod. <\/span><\/span><\/i><\/p>\n<p class=\"western\"><i><span style=\"font-size: medium;\"><span style=\"font-size: small;\">Als am <\/span><span style=\"font-size: small;\"><b>16.August 1964<\/b><\/span><span style=\"font-size: small;\"> die 1. Mannschaft das erste Verbandsspiel bestritt, war er als Spieler und als Trainer mit von der Partie. Als nach <\/span><span style=\"font-size: small;\"><b>drei<\/b><\/span><span style=\"font-size: small;\"> Jahren bereits die Vizemeisterschaft gefeiert wurde, war dies vor allem unserem \u00fcberragenden Spieler und Trainer Theo Eckert zu verdanken. <\/span><\/span><\/i><\/p>\n<p class=\"western\"><i><span style=\"font-size: medium;\"><span style=\"font-size: small;\">Neben dreij\u00e4hriger Trainert\u00e4tigkeit von 64 bis 67 setzte er sich auch als Funktion\u00e4r ein, und zwar als <\/span><span style=\"font-size: small;\"><b>2. Vors.<\/b><\/span><span style=\"font-size: small;\"> von 1965-69.<\/span><\/span><\/i><\/p>\n<p class=\"western\"><i><span style=\"font-size: medium;\"><span style=\"font-size: small;\">Auch als Mitglied im Spielausschuss war er mehrere Jahre aktiv.<\/span><\/span><\/i><\/p>\n<p class=\"western\"><i><span style=\"font-size: medium;\"><span style=\"font-size: small;\">F\u00fcr seine gro\u00dfen Verdienste ernannte ihn die DJK 2002 zu ihrem <\/span><span style=\"font-size: small;\"><b>Ehrenmitglied<\/b><\/span><span style=\"font-size: small;\">.<\/span><\/span><\/i><\/p>\n<p class=\"western\"><i><span style=\"font-size: small;\">In Dankbarkeit nehmen wir nun Abschied von Theo Eckert, der 53 Jahre unserem Verein die Treue gehalten. Wir werden ihn nicht vergessen.<\/span><\/i><\/p>\n","protected":false},"excerpt":{"rendered":"<p>Der &#8222;Beckenbauer&#8220; der DJK ist verstorben Die DJK Wenigh\u00f6sbach\u00a0wird sich stets dankbar an ihn erinnern, denn Theo war in den Anfangsjahren unseres Vereins ma\u00dfgeblich am Aufbau der DJK beteiligt. Er war 1962 Gr\u00fcndungsmitglied und blieb der DJK treu bis zu seinem Tod. Als am 16.August 1964 die 1. Mannschaft das erste Verbandsspiel bestritt, war er [&hellip;]<\/p>\n","protected":false},"author":1,"featured_media":0,"comment_status":"open","ping_status":"open","sticky":false,"template":"","format":"standard","meta":{"jetpack_post_was_ever_published":false,"_jetpack_newsletter_access":"","_jetpack_dont_email_post_to_subs":false,"_jetpack_newsletter_tier_id":0,"_jetpack_memberships_contains_paywalled_content":false,"footnotes":"","_jetpack_memberships_contains_paid_content":false,"jetpack_publicize_message":"","jetpack_publicize_feature_enabled":true,"jetpack_social_post_already_shared":false,"jetpack_social_options":{"image_generator_settings":{"template":"highway","enabled":false},"version":2}},"categories":[4],"tags":[],"jetpack_publicize_connections":[],"jetpack_featured_media_url":"","jetpack_sharing_enabled":true,"jetpack_shortlink":"https:\/\/wp.me\/p6OzWC-OE","jetpack-related-posts":[],"jetpack_likes_enabled":true,"_links":{"self":[{"href":"https:\/\/www.djk-wenighoesbach.de\/index.php?rest_route=\/wp\/v2\/posts\/3140"}],"collection":[{"href":"https:\/\/www.djk-wenighoesbach.de\/index.php?rest_route=\/wp\/v2\/posts"}],"about":[{"href":"https:\/\/www.djk-wenighoesbach.de\/index.php?rest_route=\/wp\/v2\/types\/post"}],"author":[{"embeddable":true,"href":"https:\/\/www.djk-wenighoesbach.de\/index.php?rest_route=\/wp\/v2\/users\/1"}],"replies":[{"embeddable":true,"href":"https:\/\/www.djk-wenighoesbach.de\/index.php?rest_route=%2Fwp%2Fv2%2Fcomments&post=3140"}],"version-history":[{"count":1,"href":"https:\/\/www.djk-wenighoesbach.de\/index.php?rest_route=\/wp\/v2\/posts\/3140\/revisions"}],"predecessor-version":[{"id":3141,"href":"https:\/\/www.djk-wenighoesbach.de\/index.php?rest_route=\/wp\/v2\/posts\/3140\/revisions\/3141"}],"wp:attachment":[{"href":"https:\/\/www.djk-wenighoesbach.de\/index.php?rest_route=%2Fwp%2Fv2%2Fmedia&parent=3140"}],"wp:term":[{"taxonomy":"category","embeddable":true,"href":"https:\/\/www.djk-wenighoesbach.de\/index.php?rest_route=%2Fwp%2Fv2%2Fcategories&post=3140"},{"taxonomy":"post_tag","embeddable":true,"href":"https:\/\/www.djk-wenighoesbach.de\/index.php?rest_route=%2Fwp%2Fv2%2Ftags&post=3140"}],"curies":[{"name":"wp","href":"https:\/\/api.w.org\/{rel}","templated":true}]}}