{"id":3126,"date":"2015-08-22T07:24:36","date_gmt":"2015-08-22T06:24:36","guid":{"rendered":"http:\/\/www.djk-wenighoesbach.de\/?p=3126"},"modified":"2015-08-22T07:24:36","modified_gmt":"2015-08-22T06:24:36","slug":"ein-groser-djkler-ist-verstorben","status":"publish","type":"post","link":"https:\/\/www.djk-wenighoesbach.de\/?p=3126","title":{"rendered":"Ein gro\u00dfer DJK\u2019ler ist verstorben"},"content":{"rendered":"<p><b>In Memoriam Friedolin V\u00f6lker<\/b><\/p>\n<p>So wie Friedels lange Wanderschaft mit 95 Jahren begrenzt und festgelegt war, so war auch seine Lebensinschrift festgelegt.<\/p>\n<p>Sie war gepr\u00e4gt durch Freundlichkeit, Liebe, F\u00fcrsorge und Hilfsbereitschaft f\u00fcr seine Familie, aber auch f\u00fcr die Gemeinschaft,<\/p>\n<p>insbesondere f\u00fcr die Vereine.<\/p>\n<p>Auch die DJK Wenigh\u00f6sbach war ihm ans Herz gewachsen und sie blieb sein Verein \u00fcber viele Jahrzehnte.<\/p>\n<p>Friedolin V\u00f6lker trat bereits 1963, ein Jahr nach der Vereinsgr\u00fcndung, unserem Sportverein, der DJK , bei und blieb ihr treu bis zu seinem Tod.<\/p>\n<p>Aktiv spielte er zwar nie Fu\u00dfball, aber als DJK-Funktion\u00e4r hat er sich in insgesamt 18 Jahren bleibende Verdienste erworben.<\/p>\n<p>So war er insgesamt 7 Jahre 1. DJK-Vorsitzender, und zwar von 1965-1969 und von 1980-81. Au\u00dferdem f\u00fchrte er insgesamt 11 Jahre,<\/p>\n<p>von 1975-79 und von 88-93 als Hauptkassier die DJK Kassengesch\u00e4fte.<\/p>\n<p>F\u00fcr seine gro\u00dfen Verdienste wurde er 1982 vom DJK Kreisverband geehrt, und 1987 erhielt er das BLSV-Ehrenzeichen in Silber.<\/p>\n<p>Sein Verein, die DJK dankte ihm besonders 1992 mit der Ernennung zum Ehrenmitglied.<\/p>\n<p>Wir haben Friedel als einen Menschen kennen gelernt, der immer mit einem L\u00e4cheln im Gesicht f\u00fcr andere da war, und der auch im hohen Alter<\/p>\n<p>von 95 Jahren immer noch gro\u00dfes Interesse und Freude an seiner DJK hatte.<\/p>\n<p>In Dankbarkeit nehmen wir Abschied von Friedolin V\u00f6lker, der 52 Jahre unserem Verein die Treue gehalten. Wir werden ihn nicht vergessen.<\/p>\n","protected":false},"excerpt":{"rendered":"<p>In Memoriam Friedolin V\u00f6lker So wie Friedels lange Wanderschaft mit 95 Jahren begrenzt und festgelegt war, so war auch seine Lebensinschrift festgelegt. Sie war gepr\u00e4gt durch Freundlichkeit, Liebe, F\u00fcrsorge und Hilfsbereitschaft f\u00fcr seine Familie, aber auch f\u00fcr die Gemeinschaft, insbesondere f\u00fcr die Vereine. Auch die DJK Wenigh\u00f6sbach war ihm ans Herz gewachsen und sie blieb [&hellip;]<\/p>\n","protected":false},"author":1,"featured_media":0,"comment_status":"open","ping_status":"open","sticky":false,"template":"","format":"standard","meta":{"jetpack_post_was_ever_published":false,"_jetpack_newsletter_access":"","_jetpack_dont_email_post_to_subs":false,"_jetpack_newsletter_tier_id":0,"_jetpack_memberships_contains_paywalled_content":false,"footnotes":"","_jetpack_memberships_contains_paid_content":false,"jetpack_publicize_message":"","jetpack_publicize_feature_enabled":true,"jetpack_social_post_already_shared":false,"jetpack_social_options":{"image_generator_settings":{"template":"highway","enabled":false},"version":2}},"categories":[4],"tags":[],"jetpack_publicize_connections":[],"jetpack_featured_media_url":"","jetpack_sharing_enabled":true,"jetpack_shortlink":"https:\/\/wp.me\/p6OzWC-Oq","jetpack-related-posts":[],"jetpack_likes_enabled":true,"_links":{"self":[{"href":"https:\/\/www.djk-wenighoesbach.de\/index.php?rest_route=\/wp\/v2\/posts\/3126"}],"collection":[{"href":"https:\/\/www.djk-wenighoesbach.de\/index.php?rest_route=\/wp\/v2\/posts"}],"about":[{"href":"https:\/\/www.djk-wenighoesbach.de\/index.php?rest_route=\/wp\/v2\/types\/post"}],"author":[{"embeddable":true,"href":"https:\/\/www.djk-wenighoesbach.de\/index.php?rest_route=\/wp\/v2\/users\/1"}],"replies":[{"embeddable":true,"href":"https:\/\/www.djk-wenighoesbach.de\/index.php?rest_route=%2Fwp%2Fv2%2Fcomments&post=3126"}],"version-history":[{"count":1,"href":"https:\/\/www.djk-wenighoesbach.de\/index.php?rest_route=\/wp\/v2\/posts\/3126\/revisions"}],"predecessor-version":[{"id":3127,"href":"https:\/\/www.djk-wenighoesbach.de\/index.php?rest_route=\/wp\/v2\/posts\/3126\/revisions\/3127"}],"wp:attachment":[{"href":"https:\/\/www.djk-wenighoesbach.de\/index.php?rest_route=%2Fwp%2Fv2%2Fmedia&parent=3126"}],"wp:term":[{"taxonomy":"category","embeddable":true,"href":"https:\/\/www.djk-wenighoesbach.de\/index.php?rest_route=%2Fwp%2Fv2%2Fcategories&post=3126"},{"taxonomy":"post_tag","embeddable":true,"href":"https:\/\/www.djk-wenighoesbach.de\/index.php?rest_route=%2Fwp%2Fv2%2Ftags&post=3126"}],"curies":[{"name":"wp","href":"https:\/\/api.w.org\/{rel}","templated":true}]}}