{"id":293,"date":"2010-05-04T08:19:55","date_gmt":"2010-05-04T08:19:55","guid":{"rendered":"http:\/\/www.djk-wenighoesbach.de\/?p=293"},"modified":"2010-09-21T09:02:56","modified_gmt":"2010-09-21T09:02:56","slug":"jugendabteilung-2","status":"publish","type":"post","link":"https:\/\/www.djk-wenighoesbach.de\/?p=293","title":{"rendered":"Jugendabteilung"},"content":{"rendered":"<p><strong>D Jugend DJK\/FCU<\/strong><\/p>\n<p><em>Feldkahl \/ Rottenberg \u2013 DJK\/FCU  2 : 4<\/em><\/p>\n<p>Phillip Schell erzielte nach zehn Minuten f\u00fcr uns den F\u00fchrungstreffer. Der Gegner glich jedoch umgehend aus. Sebastian Meier brachte uns nach einem Solo wieder in F\u00fchrung. Rottenberg konnte jedoch erneut ausgleichen. So stand es zur Pause  2 : 2 unentschieden. In der zweiten H\u00e4lfte hatten wir die St\u00fcrmer des Gegners besser im Griff und im Sturm konnten wir uns einige Torchancen herausspielen. So war es erneut Sebastian Meier der sein zweites Tor erzielte und uns erneut in F\u00fchrung brachte. Kurz vor Spielende erzielte Leon Leuschner mit einem Schuss ins lange Eck<\/p>\n<p>den Treffer zum  4 : 2. Aufgrund der zweiten Halbzeit war unser Sieg verdient.<\/p>\n<p>Torsch\u00fctzen: Sebastian Meier 2, Phillip Schell und Leon Leuschner je 1 Tor.<\/p>\n<p>Unser n\u00e4chstes Spiel findet am Donnerstag den 06.05.2010 um 18:30 Uhr in Strietwald statt. Abfahrt ist um 17:30 Uhr an Milchk\u00fcche in Wenigh\u00f6sbach.<br \/>\nDas Spiel vom Samstag den 08.05.10 gegen JFG Mittlerer Kahlgrund wurde wegen Firmwochenende auf Montag den 17.05.10 um 18:30 Uhr verlegt.<\/p>\n<p><strong>E1  Jugend DJK\/FCU<\/strong><\/p>\n<p>Samstag  15.05 um 12.15 : FCU\/DJK \u2013 FSV Michelbach<\/p>\n<p>Mittwoch 19.05  um 18.00 : Viktoria Br\u00fccken- FCU\/DJK<\/p>\n<p><strong>E2  Jugend  DJK\/FCU<\/strong><\/p>\n<p><em>FCU\/DJK \u2013 Vorw. Kleinostheim 5:1<\/em><\/p>\n<p>Dienstag 11.05 um 17.30 : FCU\/DJK \u2013 TV Blankenbach<\/p>\n<p>Donnerstag 20.05 um 17.30: Vikt. Waldaschaff \u2013 FCU\/DJK<\/p>\n","protected":false},"excerpt":{"rendered":"<p>D Jugend DJK\/FCU Feldkahl \/ Rottenberg \u2013 DJK\/FCU 2 : 4 Phillip Schell erzielte nach zehn Minuten f\u00fcr uns den F\u00fchrungstreffer. Der Gegner glich jedoch umgehend aus. Sebastian Meier brachte uns nach einem Solo wieder in F\u00fchrung. Rottenberg konnte jedoch erneut ausgleichen. So stand es zur Pause 2 : 2 unentschieden. In der zweiten H\u00e4lfte [&hellip;]<\/p>\n","protected":false},"author":1,"featured_media":0,"comment_status":"closed","ping_status":"closed","sticky":false,"template":"","format":"standard","meta":{"jetpack_post_was_ever_published":false,"_jetpack_newsletter_access":"","_jetpack_dont_email_post_to_subs":false,"_jetpack_newsletter_tier_id":0,"_jetpack_memberships_contains_paywalled_content":false,"footnotes":"","_jetpack_memberships_contains_paid_content":false,"jetpack_publicize_message":"","jetpack_publicize_feature_enabled":true,"jetpack_social_post_already_shared":false,"jetpack_social_options":{"image_generator_settings":{"template":"highway","enabled":false},"version":2}},"categories":[5,8],"tags":[],"jetpack_publicize_connections":[],"jetpack_featured_media_url":"","jetpack_sharing_enabled":true,"jetpack_shortlink":"https:\/\/wp.me\/p6OzWC-4J","jetpack-related-posts":[],"jetpack_likes_enabled":true,"_links":{"self":[{"href":"https:\/\/www.djk-wenighoesbach.de\/index.php?rest_route=\/wp\/v2\/posts\/293"}],"collection":[{"href":"https:\/\/www.djk-wenighoesbach.de\/index.php?rest_route=\/wp\/v2\/posts"}],"about":[{"href":"https:\/\/www.djk-wenighoesbach.de\/index.php?rest_route=\/wp\/v2\/types\/post"}],"author":[{"embeddable":true,"href":"https:\/\/www.djk-wenighoesbach.de\/index.php?rest_route=\/wp\/v2\/users\/1"}],"replies":[{"embeddable":true,"href":"https:\/\/www.djk-wenighoesbach.de\/index.php?rest_route=%2Fwp%2Fv2%2Fcomments&post=293"}],"version-history":[{"count":2,"href":"https:\/\/www.djk-wenighoesbach.de\/index.php?rest_route=\/wp\/v2\/posts\/293\/revisions"}],"predecessor-version":[{"id":572,"href":"https:\/\/www.djk-wenighoesbach.de\/index.php?rest_route=\/wp\/v2\/posts\/293\/revisions\/572"}],"wp:attachment":[{"href":"https:\/\/www.djk-wenighoesbach.de\/index.php?rest_route=%2Fwp%2Fv2%2Fmedia&parent=293"}],"wp:term":[{"taxonomy":"category","embeddable":true,"href":"https:\/\/www.djk-wenighoesbach.de\/index.php?rest_route=%2Fwp%2Fv2%2Fcategories&post=293"},{"taxonomy":"post_tag","embeddable":true,"href":"https:\/\/www.djk-wenighoesbach.de\/index.php?rest_route=%2Fwp%2Fv2%2Ftags&post=293"}],"curies":[{"name":"wp","href":"https:\/\/api.w.org\/{rel}","templated":true}]}}