{"id":2832,"date":"2014-09-10T17:05:18","date_gmt":"2014-09-10T16:05:18","guid":{"rendered":"http:\/\/www.djk-wenighoesbach.de\/?p=2832"},"modified":"2014-09-10T17:13:46","modified_gmt":"2014-09-10T16:13:46","slug":"2832","status":"publish","type":"post","link":"https:\/\/www.djk-wenighoesbach.de\/?p=2832","title":{"rendered":"Wei\u00dfwurstf\u00fchst\u00fcck"},"content":{"rendered":"<p>&nbsp;<\/p>\n<p><strong>Wiesenzeit ist Wei\u00dfwurstzeit<\/strong><\/p>\n<p>Aus diesem Grund l\u00e4dt die Aktive der DJK wieder zum allj\u00e4hrlichen Wei\u00dfwurstfr\u00fchst\u00fcck ein.<\/p>\n<p>Willkommen ist ein jeder Freund von nah und fern, der sich dieses Bayerische Schmankerl nicht entgehen lassen m\u00f6chte.<\/p>\n<p>O\u00b4zapft is ab ca. 04:00 Uhr, damit auch der gr\u00f6\u00dfte Fr\u00fchaufsteher sich nicht hungrig auf die Arbeit begeben muss.<\/p>\n<p><a href=\"https:\/\/i0.wp.com\/www.djk-wenighoesbach.de\/wp-content\/uploads\/2014\/09\/Wei\u00dfwurst.png\"><img loading=\"lazy\" decoding=\"async\" data-attachment-id=\"2833\" data-permalink=\"https:\/\/www.djk-wenighoesbach.de\/?attachment_id=2833\" data-orig-file=\"https:\/\/i0.wp.com\/www.djk-wenighoesbach.de\/wp-content\/uploads\/2014\/09\/Wei\u00dfwurst.png?fit=320%2C429&amp;ssl=1\" data-orig-size=\"320,429\" data-comments-opened=\"1\" data-image-meta=\"{&quot;aperture&quot;:&quot;0&quot;,&quot;credit&quot;:&quot;&quot;,&quot;camera&quot;:&quot;&quot;,&quot;caption&quot;:&quot;&quot;,&quot;created_timestamp&quot;:&quot;0&quot;,&quot;copyright&quot;:&quot;&quot;,&quot;focal_length&quot;:&quot;0&quot;,&quot;iso&quot;:&quot;0&quot;,&quot;shutter_speed&quot;:&quot;0&quot;,&quot;title&quot;:&quot;&quot;}\" data-image-title=\"Wei\u00dfwurst\" data-image-description=\"\" data-image-caption=\"\" data-medium-file=\"https:\/\/i0.wp.com\/www.djk-wenighoesbach.de\/wp-content\/uploads\/2014\/09\/Wei\u00dfwurst.png?fit=223%2C300&amp;ssl=1\" data-large-file=\"https:\/\/i0.wp.com\/www.djk-wenighoesbach.de\/wp-content\/uploads\/2014\/09\/Wei\u00dfwurst.png?fit=320%2C429&amp;ssl=1\" tabindex=\"0\" role=\"button\" class=\"alignleft size-medium wp-image-2833\" src=\"https:\/\/i0.wp.com\/www.djk-wenighoesbach.de\/wp-content\/uploads\/2014\/09\/Wei\u00dfwurst.png?resize=223%2C300\" alt=\"Wei\u00dfwurst\" width=\"223\" height=\"300\" srcset=\"https:\/\/i0.wp.com\/www.djk-wenighoesbach.de\/wp-content\/uploads\/2014\/09\/Wei\u00dfwurst.png?resize=223%2C300&amp;ssl=1 223w, https:\/\/i0.wp.com\/www.djk-wenighoesbach.de\/wp-content\/uploads\/2014\/09\/Wei\u00dfwurst.png?w=320&amp;ssl=1 320w\" sizes=\"(max-width: 223px) 100vw, 223px\" data-recalc-dims=\"1\" \/><\/a><\/p>\n<div style=\"color: #000000;\"><em>Vorbestellungen bitte an:<\/em><\/div>\n<div style=\"color: #000000;\"><em>Jens Schwarzrock <\/em><\/div>\n<div style=\"color: #000000;\"><em>06021 4438775 <\/em><\/div>\n<div style=\"color: #000000;\"><em>oder<\/em><\/div>\n<div style=\"color: #000000;\"><em> <a href=\"mailto:jens.schwarzrock@gmx.de\">jens.schwarzrock@gmx.de<\/a><\/em><\/div>\n","protected":false},"excerpt":{"rendered":"<p>&nbsp; Wiesenzeit ist Wei\u00dfwurstzeit Aus diesem Grund l\u00e4dt die Aktive der DJK wieder zum allj\u00e4hrlichen Wei\u00dfwurstfr\u00fchst\u00fcck ein. Willkommen ist ein jeder Freund von nah und fern, der sich dieses Bayerische Schmankerl nicht entgehen lassen m\u00f6chte. O\u00b4zapft is ab ca. 04:00 Uhr, damit auch der gr\u00f6\u00dfte Fr\u00fchaufsteher sich nicht hungrig auf die Arbeit begeben muss. Vorbestellungen [&hellip;]<\/p>\n","protected":false},"author":1,"featured_media":0,"comment_status":"open","ping_status":"open","sticky":false,"template":"","format":"standard","meta":{"jetpack_post_was_ever_published":false,"_jetpack_newsletter_access":"","_jetpack_dont_email_post_to_subs":false,"_jetpack_newsletter_tier_id":0,"_jetpack_memberships_contains_paywalled_content":false,"footnotes":"","_jetpack_memberships_contains_paid_content":false,"jetpack_publicize_message":"","jetpack_publicize_feature_enabled":true,"jetpack_social_post_already_shared":false,"jetpack_social_options":{"image_generator_settings":{"template":"highway","enabled":false},"version":2}},"categories":[3],"tags":[],"jetpack_publicize_connections":[],"jetpack_featured_media_url":"","jetpack_sharing_enabled":true,"jetpack_shortlink":"https:\/\/wp.me\/s6OzWC-2832","jetpack-related-posts":[],"jetpack_likes_enabled":true,"_links":{"self":[{"href":"https:\/\/www.djk-wenighoesbach.de\/index.php?rest_route=\/wp\/v2\/posts\/2832"}],"collection":[{"href":"https:\/\/www.djk-wenighoesbach.de\/index.php?rest_route=\/wp\/v2\/posts"}],"about":[{"href":"https:\/\/www.djk-wenighoesbach.de\/index.php?rest_route=\/wp\/v2\/types\/post"}],"author":[{"embeddable":true,"href":"https:\/\/www.djk-wenighoesbach.de\/index.php?rest_route=\/wp\/v2\/users\/1"}],"replies":[{"embeddable":true,"href":"https:\/\/www.djk-wenighoesbach.de\/index.php?rest_route=%2Fwp%2Fv2%2Fcomments&post=2832"}],"version-history":[{"count":9,"href":"https:\/\/www.djk-wenighoesbach.de\/index.php?rest_route=\/wp\/v2\/posts\/2832\/revisions"}],"predecessor-version":[{"id":2842,"href":"https:\/\/www.djk-wenighoesbach.de\/index.php?rest_route=\/wp\/v2\/posts\/2832\/revisions\/2842"}],"wp:attachment":[{"href":"https:\/\/www.djk-wenighoesbach.de\/index.php?rest_route=%2Fwp%2Fv2%2Fmedia&parent=2832"}],"wp:term":[{"taxonomy":"category","embeddable":true,"href":"https:\/\/www.djk-wenighoesbach.de\/index.php?rest_route=%2Fwp%2Fv2%2Fcategories&post=2832"},{"taxonomy":"post_tag","embeddable":true,"href":"https:\/\/www.djk-wenighoesbach.de\/index.php?rest_route=%2Fwp%2Fv2%2Ftags&post=2832"}],"curies":[{"name":"wp","href":"https:\/\/api.w.org\/{rel}","templated":true}]}}