{"id":2724,"date":"2014-05-27T20:42:00","date_gmt":"2014-05-27T19:42:00","guid":{"rendered":"http:\/\/www.djk-wenighoesbach.de\/?p=2724"},"modified":"2014-05-27T20:47:45","modified_gmt":"2014-05-27T19:47:45","slug":"danksagung","status":"publish","type":"post","link":"https:\/\/www.djk-wenighoesbach.de\/?p=2724","title":{"rendered":"Danksagung"},"content":{"rendered":"<p>Die erste Mannschaft und allen voran der Mannschaftsrat m\u00f6chten sich ganz herzlich bei allen im Verein f\u00fcr das in uns gesteckte Vertrauen bedanken.<\/p>\n<p>Zu einer Meisterschaft, egal in welcher Klasse, geh\u00f6ren immer mehr als nur die Stammspieler.<\/p>\n<p>Wir m\u00f6chten uns daher bei allen Beteiligten bedanken.<br \/>\nBesonders hervor zu heben sind hierbei Jens Schwarzrock, Berthold Stadtm\u00fcller,<br \/>\nPlatzwart Karlheinz Lippert, die Vorstandschaft, und nat\u00fcrlich all unsere Fans<\/p>\n<p>Ein gro\u00dfes Dank gilt auch den Spielern, die immer wieder einsprangen, um Urlauber oder Verletzte ad\u00e4quat zu ersetzen.<\/p>\n<p>Weiterhin ist es uns ein gro\u00dfes Anliegen uns bei Marion Stadtm\u00fcller f\u00fcr alles zu bedanken.<\/p>\n<p>Wir haben alle 3 Jahre der Umstrukturierung bzw. des Neuanfangs hinter uns gebracht.<br \/>\n3 Jahre in denen wir zeitweise ohne Trainer da standen.<br \/>\nThomas Debus, Christian Herzog und Peter Sauer, \u00fcbernahmen in dieser Zeit das Training, Aufstellung sowie Einstellung der Mannschaft mit Bravour.<br \/>\nAuch ihnen gilt daf\u00fcr ein gro\u00dfes Dankesch\u00f6n.<\/p>\n<p>Gro\u00dfer Dank auch an A-Jugend Trainer Michael Lang, der es das ein oder andere Mal im Training mit uns aushalten musste und uns viel vermitteln konnte.<\/p>\n<p>Zu guter Letzt m\u00f6chten wir uns nat\u00fcrlich noch bei unserem Trainer Tobias K\u00f6nig bedanken, der uns viel beigebracht hat, unsere Truppe zu einer verschworenen Einheit formte und auch au\u00dferhalb des Spielfelds sehr engagiert f\u00fcr Mannschaft und Verein t\u00e4tig ist.<\/p>\n<p>Wir hoffen das geht noch einige Jahre so weiter.<\/p>\n<p>Zu erw\u00e4hnen ist noch das dieses Jahr mit Matthias und Paul Klemm erstmalig in der Vereinsgeschichte Vater und Sohn gemeinsam eine Meisterschaft erringen konnten.<\/p>\n<p>Dies ist ein Erfolg der Allen im Verein geb\u00fchrt und so k\u00f6nnen wir uns nach 3 Jahren<br \/>\nin der B-Klasse endlich wieder mit den anderen ersten Mannschaften im Markt H\u00f6sbach messen.<br \/>\nSeid gespannt auf ein paar sch\u00f6ne Derbys, die wir hoffentlich alle f\u00fcr uns entscheiden k\u00f6nnen.<\/p>\n<p><strong>Vielen Dank<\/strong><\/p>\n<p><strong>Die Spieler der 1. Mannschaft<\/strong><br \/>\n<a title=\"Meisterschaft 2014\" href=\"http:\/\/www.djk-wenighoesbach.de\/?page_id=2716\">Bilder der Meistefeier gibt&#8217;s hier&#8230;<\/a><\/p>\n<p><a href=\"https:\/\/i0.wp.com\/www.djk-wenighoesbach.de\/wp-content\/uploads\/2014\/05\/Unbenannt-1.jpg\"><img loading=\"lazy\" decoding=\"async\" data-attachment-id=\"2725\" data-permalink=\"https:\/\/www.djk-wenighoesbach.de\/?attachment_id=2725\" data-orig-file=\"https:\/\/i0.wp.com\/www.djk-wenighoesbach.de\/wp-content\/uploads\/2014\/05\/Unbenannt-1.jpg?fit=853%2C642&amp;ssl=1\" data-orig-size=\"853,642\" data-comments-opened=\"1\" data-image-meta=\"{&quot;aperture&quot;:&quot;0&quot;,&quot;credit&quot;:&quot;&quot;,&quot;camera&quot;:&quot;&quot;,&quot;caption&quot;:&quot;&quot;,&quot;created_timestamp&quot;:&quot;0&quot;,&quot;copyright&quot;:&quot;&quot;,&quot;focal_length&quot;:&quot;0&quot;,&quot;iso&quot;:&quot;0&quot;,&quot;shutter_speed&quot;:&quot;0&quot;,&quot;title&quot;:&quot;&quot;}\" data-image-title=\"Meisterteam\" data-image-description=\"\" data-image-caption=\"\" data-medium-file=\"https:\/\/i0.wp.com\/www.djk-wenighoesbach.de\/wp-content\/uploads\/2014\/05\/Unbenannt-1.jpg?fit=300%2C225&amp;ssl=1\" data-large-file=\"https:\/\/i0.wp.com\/www.djk-wenighoesbach.de\/wp-content\/uploads\/2014\/05\/Unbenannt-1.jpg?fit=853%2C642&amp;ssl=1\" tabindex=\"0\" role=\"button\" class=\"alignleft wp-image-2725\" src=\"https:\/\/i0.wp.com\/www.djk-wenighoesbach.de\/wp-content\/uploads\/2014\/05\/Unbenannt-1.jpg?resize=488%2C367\" alt=\"Meisterteam\" width=\"488\" height=\"367\" srcset=\"https:\/\/i0.wp.com\/www.djk-wenighoesbach.de\/wp-content\/uploads\/2014\/05\/Unbenannt-1.jpg?w=853&amp;ssl=1 853w, https:\/\/i0.wp.com\/www.djk-wenighoesbach.de\/wp-content\/uploads\/2014\/05\/Unbenannt-1.jpg?resize=300%2C225&amp;ssl=1 300w\" sizes=\"(max-width: 488px) 100vw, 488px\" data-recalc-dims=\"1\" \/><\/a><\/p>\n","protected":false},"excerpt":{"rendered":"<p>Die erste Mannschaft und allen voran der Mannschaftsrat m\u00f6chten sich ganz herzlich bei allen im Verein f\u00fcr das in uns gesteckte Vertrauen bedanken. Zu einer Meisterschaft, egal in welcher Klasse, geh\u00f6ren immer mehr als nur die Stammspieler. Wir m\u00f6chten uns daher bei allen Beteiligten bedanken. Besonders hervor zu heben sind hierbei Jens Schwarzrock, Berthold Stadtm\u00fcller, [&hellip;]<\/p>\n","protected":false},"author":1,"featured_media":0,"comment_status":"open","ping_status":"open","sticky":false,"template":"","format":"standard","meta":{"jetpack_post_was_ever_published":false,"_jetpack_newsletter_access":"","_jetpack_dont_email_post_to_subs":false,"_jetpack_newsletter_tier_id":0,"_jetpack_memberships_contains_paywalled_content":false,"footnotes":"","_jetpack_memberships_contains_paid_content":false,"jetpack_publicize_message":"","jetpack_publicize_feature_enabled":true,"jetpack_social_post_already_shared":false,"jetpack_social_options":{"image_generator_settings":{"template":"highway","enabled":false},"version":2}},"categories":[5,7],"tags":[],"jetpack_publicize_connections":[],"jetpack_featured_media_url":"","jetpack_sharing_enabled":true,"jetpack_shortlink":"https:\/\/wp.me\/p6OzWC-HW","jetpack-related-posts":[],"jetpack_likes_enabled":true,"_links":{"self":[{"href":"https:\/\/www.djk-wenighoesbach.de\/index.php?rest_route=\/wp\/v2\/posts\/2724"}],"collection":[{"href":"https:\/\/www.djk-wenighoesbach.de\/index.php?rest_route=\/wp\/v2\/posts"}],"about":[{"href":"https:\/\/www.djk-wenighoesbach.de\/index.php?rest_route=\/wp\/v2\/types\/post"}],"author":[{"embeddable":true,"href":"https:\/\/www.djk-wenighoesbach.de\/index.php?rest_route=\/wp\/v2\/users\/1"}],"replies":[{"embeddable":true,"href":"https:\/\/www.djk-wenighoesbach.de\/index.php?rest_route=%2Fwp%2Fv2%2Fcomments&post=2724"}],"version-history":[{"count":6,"href":"https:\/\/www.djk-wenighoesbach.de\/index.php?rest_route=\/wp\/v2\/posts\/2724\/revisions"}],"predecessor-version":[{"id":2735,"href":"https:\/\/www.djk-wenighoesbach.de\/index.php?rest_route=\/wp\/v2\/posts\/2724\/revisions\/2735"}],"wp:attachment":[{"href":"https:\/\/www.djk-wenighoesbach.de\/index.php?rest_route=%2Fwp%2Fv2%2Fmedia&parent=2724"}],"wp:term":[{"taxonomy":"category","embeddable":true,"href":"https:\/\/www.djk-wenighoesbach.de\/index.php?rest_route=%2Fwp%2Fv2%2Fcategories&post=2724"},{"taxonomy":"post_tag","embeddable":true,"href":"https:\/\/www.djk-wenighoesbach.de\/index.php?rest_route=%2Fwp%2Fv2%2Ftags&post=2724"}],"curies":[{"name":"wp","href":"https:\/\/api.w.org\/{rel}","templated":true}]}}