{"id":2697,"date":"2014-05-21T07:14:14","date_gmt":"2014-05-21T06:14:14","guid":{"rendered":"http:\/\/www.djk-wenighoesbach.de\/?p=2697"},"modified":"2014-05-21T19:09:31","modified_gmt":"2014-05-21T18:09:31","slug":"laufen","status":"publish","type":"post","link":"https:\/\/www.djk-wenighoesbach.de\/?p=2697","title":{"rendered":"Laufen"},"content":{"rendered":"<p><strong>H\u00f6sbacher Jubil\u00e4umslauf<\/strong><\/p>\n<p>Am vergangenen Samstag nahmen trotz \u00a0Regenwetter auch zahlreiche J\u00f6cher am H\u00f6sbacher Jubil\u00e4umslauf teil.<\/p>\n<p>F\u00fcr die DJK Wenigh\u00f6sbach gingen\u00a0dabei\u00a0auf der 8km langen Streckefolgende L\u00e4ufer\/innen\u00a0erfolgreich an den Start:<\/p>\n<p>&nbsp;<\/p>\n<p>Marcus Baumann\u00a0\u00a0\u00a0\u00a0\u00a0\u00a0\u00a0\u00a0 37:42\u00a0\u00a0\u00a0 54. Rang\u00a0\u00a0\u00a0\u00a0\u00a0\u00a0\u00a0\u00a0 12. Platz \u00a0M<\/p>\n<p>Michael Sauer\u00a0\u00a0\u00a0\u00a0\u00a0\u00a0\u00a0\u00a0\u00a0\u00a0\u00a0\u00a0\u00a0 38:39\u00a0\u00a0\u00a0 67. Rang\u00a0\u00a0\u00a0\u00a0\u00a0\u00a0\u00a0\u00a0 7. Platz \u00a0M30<\/p>\n<p>Sabrina\u00a0Kellner\u00a0\u00a0\u00a0\u00a0\u00a0\u00a0\u00a0\u00a0\u00a0\u00a0\u00a0\u00a0 39:38\u00a0\u00a0\u00a0 76. Rang\u00a0\u00a0\u00a0\u00a0\u00a0\u00a0\u00a0\u00a0 2. Platz \u00a0W30<\/p>\n<p>Carolin Meier\u00a0\u00a0\u00a0\u00a0 \u00a0\u00a0\u00a0\u00a0\u00a0\u00a0\u00a0\u00a0\u00a0\u00a0\u00a0 43:17\u00a0\u00a0\u00a0 125.Rang\u00a0\u00a0\u00a0\u00a0\u00a0\u00a0\u00a0\u00a0\u00a0 4. Platz \u00a0W45<\/p>\n<p>Gerhard Beister\u00a0\u00a0\u00a0\u00a0\u00a0\u00a0\u00a0\u00a0\u00a0\u00a0\u00a0 48:44\u00a0\u00a0\u00a0 184.Rang\u00a0\u00a0\u00a0\u00a0\u00a0\u00a0\u00a0\u00a0\u00a0 27. Platz \u00a0M45<\/p>\n<p>&nbsp;<\/p>\n<p>Gratulation an alle f\u00fcr die tollen Leistungen.<\/p>\n<p><em>Photos gibt\u00b4s unter Sonstiges -&gt; Photos -&gt; Sonstiges<\/em><br \/>\n<em>oder direkt <a title=\"Photos\" href=\"http:\/\/www.djk-wenighoesbach.de\/?page_id=2698\">hier&#8230;<\/a><\/em><\/p>\n<p>&nbsp;<\/p>\n<p><strong>\u00a0<\/strong><\/p>\n<p><strong>HVB Citylauf \u2013 Aschaffenburg<\/strong><\/p>\n<p>Auch am 19. Aschaffenburger HVB Citylauf am Freitag, 16.05.14, hat sich wieder eine starke DJK-L\u00e4ufergruppe angemeldet.<\/p>\n<p>Folgende L\u00e4ufer\/innen\u00a0k\u00e4mpfen auf der 7,9 km langen Strecke im C-Lauf, Start ca. 19:25 Uhr, bei insgesamt 1102 Teilnehmern und erwarteten Endzeiten zwischen 38 und 45 Minuten um die interne DJK-Wertung:<\/p>\n<table width=\"100%\">\n<tbody>\n<tr>\n<td>Baumann, Marcus<\/td>\n<td>&nbsp;<\/td>\n<td>&nbsp;<\/td>\n<td>&nbsp;<\/td>\n<td>&nbsp;<\/td>\n<\/tr>\n<tr>\n<td>Coutandin, Steffen<\/td>\n<td>&nbsp;<\/td>\n<td>&nbsp;<\/td>\n<td>&nbsp;<\/td>\n<td>&nbsp;<\/td>\n<td>&nbsp;<\/td>\n<\/tr>\n<tr>\n<td>Herzog, Christian<\/td>\n<td>&nbsp;<\/td>\n<td>&nbsp;<\/td>\n<td>&nbsp;<\/td>\n<td>&nbsp;<\/td>\n<td>&nbsp;<\/td>\n<\/tr>\n<tr>\n<td>Maidhof, Iva<\/td>\n<td>&nbsp;<\/td>\n<td>&nbsp;<\/td>\n<td>&nbsp;<\/td>\n<td>&nbsp;<\/td>\n<td>&nbsp;<\/td>\n<\/tr>\n<tr>\n<td>Sauer, Michael<\/td>\n<td>&nbsp;<\/td>\n<td>&nbsp;<\/td>\n<td>&nbsp;<\/td>\n<td>&nbsp;<\/td>\n<td>&nbsp;<\/td>\n<\/tr>\n<tr>\n<td>Sauer, Peter<\/td>\n<td>&nbsp;<\/td>\n<td>&nbsp;<\/td>\n<td>&nbsp;<\/td>\n<td>&nbsp;<\/td>\n<td>&nbsp;<\/td>\n<\/tr>\n<tr>\n<td>Schindler, Sebastian<\/td>\n<\/tr>\n<\/tbody>\n<\/table>\n","protected":false},"excerpt":{"rendered":"<p>H\u00f6sbacher Jubil\u00e4umslauf Am vergangenen Samstag nahmen trotz \u00a0Regenwetter auch zahlreiche J\u00f6cher am H\u00f6sbacher Jubil\u00e4umslauf teil. F\u00fcr die DJK Wenigh\u00f6sbach gingen\u00a0dabei\u00a0auf der 8km langen Streckefolgende L\u00e4ufer\/innen\u00a0erfolgreich an den Start: &nbsp; Marcus Baumann\u00a0\u00a0\u00a0\u00a0\u00a0\u00a0\u00a0\u00a0 37:42\u00a0\u00a0\u00a0 54. Rang\u00a0\u00a0\u00a0\u00a0\u00a0\u00a0\u00a0\u00a0 12. Platz \u00a0M Michael Sauer\u00a0\u00a0\u00a0\u00a0\u00a0\u00a0\u00a0\u00a0\u00a0\u00a0\u00a0\u00a0\u00a0 38:39\u00a0\u00a0\u00a0 67. Rang\u00a0\u00a0\u00a0\u00a0\u00a0\u00a0\u00a0\u00a0 7. Platz \u00a0M30 Sabrina\u00a0Kellner\u00a0\u00a0\u00a0\u00a0\u00a0\u00a0\u00a0\u00a0\u00a0\u00a0\u00a0\u00a0 39:38\u00a0\u00a0\u00a0 76. Rang\u00a0\u00a0\u00a0\u00a0\u00a0\u00a0\u00a0\u00a0 2. Platz \u00a0W30 Carolin Meier\u00a0\u00a0\u00a0\u00a0 \u00a0\u00a0\u00a0\u00a0\u00a0\u00a0\u00a0\u00a0\u00a0\u00a0\u00a0 [&hellip;]<\/p>\n","protected":false},"author":1,"featured_media":0,"comment_status":"open","ping_status":"open","sticky":false,"template":"","format":"standard","meta":{"jetpack_post_was_ever_published":false,"_jetpack_newsletter_access":"","_jetpack_dont_email_post_to_subs":false,"_jetpack_newsletter_tier_id":0,"_jetpack_memberships_contains_paywalled_content":false,"footnotes":"","_jetpack_memberships_contains_paid_content":false,"jetpack_publicize_message":"","jetpack_publicize_feature_enabled":true,"jetpack_social_post_already_shared":false,"jetpack_social_options":{"image_generator_settings":{"template":"highway","enabled":false},"version":2}},"categories":[16],"tags":[],"jetpack_publicize_connections":[],"jetpack_featured_media_url":"","jetpack_sharing_enabled":true,"jetpack_shortlink":"https:\/\/wp.me\/s6OzWC-laufen","jetpack-related-posts":[],"jetpack_likes_enabled":true,"_links":{"self":[{"href":"https:\/\/www.djk-wenighoesbach.de\/index.php?rest_route=\/wp\/v2\/posts\/2697"}],"collection":[{"href":"https:\/\/www.djk-wenighoesbach.de\/index.php?rest_route=\/wp\/v2\/posts"}],"about":[{"href":"https:\/\/www.djk-wenighoesbach.de\/index.php?rest_route=\/wp\/v2\/types\/post"}],"author":[{"embeddable":true,"href":"https:\/\/www.djk-wenighoesbach.de\/index.php?rest_route=\/wp\/v2\/users\/1"}],"replies":[{"embeddable":true,"href":"https:\/\/www.djk-wenighoesbach.de\/index.php?rest_route=%2Fwp%2Fv2%2Fcomments&post=2697"}],"version-history":[{"count":2,"href":"https:\/\/www.djk-wenighoesbach.de\/index.php?rest_route=\/wp\/v2\/posts\/2697\/revisions"}],"predecessor-version":[{"id":2713,"href":"https:\/\/www.djk-wenighoesbach.de\/index.php?rest_route=\/wp\/v2\/posts\/2697\/revisions\/2713"}],"wp:attachment":[{"href":"https:\/\/www.djk-wenighoesbach.de\/index.php?rest_route=%2Fwp%2Fv2%2Fmedia&parent=2697"}],"wp:term":[{"taxonomy":"category","embeddable":true,"href":"https:\/\/www.djk-wenighoesbach.de\/index.php?rest_route=%2Fwp%2Fv2%2Fcategories&post=2697"},{"taxonomy":"post_tag","embeddable":true,"href":"https:\/\/www.djk-wenighoesbach.de\/index.php?rest_route=%2Fwp%2Fv2%2Ftags&post=2697"}],"curies":[{"name":"wp","href":"https:\/\/api.w.org\/{rel}","templated":true}]}}