{"id":2348,"date":"2013-11-26T07:02:04","date_gmt":"2013-11-26T06:02:04","guid":{"rendered":"http:\/\/www.djk-wenighoesbach.de\/?p=2348"},"modified":"2013-11-26T07:04:52","modified_gmt":"2013-11-26T06:04:52","slug":"spielberichte-1-mannschaft","status":"publish","type":"post","link":"https:\/\/www.djk-wenighoesbach.de\/?p=2348","title":{"rendered":"Spielberichte 1. Mannschaft"},"content":{"rendered":"<p><div><strong>Wenigh\u00f6sbach: Eichenberg\u00a0\u00a0 2:3<\/strong><\/div>\n<p><div>Am 03.11.2013 musste die 1. Mannschaft eine bittere Niederlage gegen die \u201eAH-Truppe\u201c aus Eichenberg einstecken. Die G\u00e4ste standen vor allem in der Abwehr, auf dem schmalen Hartplatz, sehr sicher und nutzten die L\u00fccken der Wenigh\u00f6sbacher Abwehr eiskalt aus. Tobias Debus konnte die DJK zwar in der 1min mit seinem Tor in F\u00fchrung bringen, die Eichenberger nutzen aber jeden Fehler und konnten sich zwischenzeitlich mit 1:3 absetzen. \u00a0Den 2:3 Anschlusstreffer in der 80min machte Peter Sauer.<\/div>\n<p><div><em>Kader:<\/em><\/div>\n<div><em>1.Berberich S\u00a0 2. Baumann M\u00a0 3. Wagner L (C)\u00a0\u00a0 4. Debus Tobias. \u00a05. Sauer P.\u00a0 6. W\u00e4chtler P \u00a0\u00a07. Wagner M.\u00a0\u00a0\u00a08. K\u00f6nig Tobias\u00a0 9.Diel M 10. Maier\u00a0\u00a0\u00a011. Turhan H\u00a0 12. V\u00f6lker L\u00a0 13. Kessler P \u00a014. Ritter C<\/em><\/div>\n<p><div><strong>Wenigh\u00f6sbach: Michelbach\u00a0\u00a0 6:2<\/strong><\/div>\n<p><div>Am darauf folgenden Wochenende war der FC Michelbach zu Gast, dem \u2013 aufgrund der Oberafferbacher Spielabsage \u2013 sogar noch einige 1. Mannschaftsspieler zu Verf\u00fcgung standen. Nach\u00a0Peter und Marcel F\u00e4th, Michael und Marcus Baumann standen an diesem Sonntag mit Matthias und Paul Klemm wieder einmal Vater und Sohn zusammen auf dem Platz. Die J\u00f6cher legten gewohnt gut los und konnten durch Trainer K\u00f6nig 1:0 in F\u00fchrung gehen. Im weiteren Spielverlauf vers\u00e4umten die J\u00f6cher mal wieder ihren Vorsprung auf ein angemessenes Niveau zu bringen. Tobias K\u00f6nig und Philipp W\u00e4chtler trafen nur Aluminium. Und so kam es wie es kommen musste, zwei Fehler, zwei Gegentore. Doch die DJK gab nicht auf! Binnen 10min waren Tobias Debus(1), Tobias K\u00f6nig(2) und Paul Klemm(2) \u00a0erfolgreich und konnten das Spielergebnis auf einen, dem Spielverlauf entsprechenden, Stand bringen. Besonders zu erw\u00e4hnen ist Paul Klemm, der im Mittelfeld immer anspielbar war, die Balle sch\u00f6n verteilte und mit seinen 2 Toren ma\u00dfgeblich am Erfolg der Truppe beteiligt war.<\/div>\n<p><div><em>Kader:<\/em><\/div>\n<div>1.Berberich S\u00a0 2. Klemm P\u00a0 3. Wagner L (C)\u00a0\u00a0 4. Herzog C. \u00a05. Klemm M.\u00a0 6. Wagner C. \u00a0\u00a07. Wagner M.\u00a0\u00a0\u00a08. K\u00f6nig Tobias\u00a0 9. W\u00e4chtler P 10. Maier\u00a0\u00a0\u00a011. Debus T \u00a012. V\u00f6lker L\u00a0 13. Diel M \u00a014. Turhan H. 15. Baumann M<\/div>\n<p><div><strong>Wenigh\u00f6sbach: Kahl\u00a0\u00a0 2:2<\/strong><\/div>\n<p><div>Vergangenen Sonntag lief die DJK zum Gastspiel beim Tabellendritten DJK Kahl, der anderen ersten Mannschaft in dieser Gruppe, auf. Gl\u00fccklicherweise konnte Trainer K\u00f6nig an diesem Sonntag auf den wieder genesenen Herbert Sauer hinter der Spitze vertrauen. Doch die DJK war von Anfang an zu weit weg vom Ball und wollte sich bei den eisigen Temperaturen nicht so richtig in die Zweik\u00e4mpfe wagen. Dennoch konnten einigen Chancen herausgespielt werden, die aber kl\u00e4glich vergeben wurden. Auf der anderen Seite konnte Sven Berberich mehrmals seine Klasse zeigen und einige gef\u00e4hrliche Chancen vereiteln. Gegen den von Marcus Baumann per Kopf abgef\u00e4lschten Ball war er machtlos.<\/div>\n<div>In der zweiten H\u00e4lfte war es dann Patrick \u201eMaier\u201c Maidhof der in einem sehenswerten Sololauf \u00fcber die linke Seite \u00a0den 1:1 Ausgleichstreffer erzielen konnte. Doch die G\u00e4ste gaben nicht auf und konnten wenige Minuten sp\u00e4ter wieder in F\u00fchrung gehen. Die Antwort der DJK lie\u00df nicht lange auf sich warten. Holger Turhan machte nach Zuspiel von Philipp W\u00e4chtler das 2.2. In der Schlussphase war die K\u00f6nig-Elf dann allerdings Total neben sich und muss sich bei Torh\u00fcter Sven Berberich bedanken, der wiederholt gl\u00e4nzen musste und den Punkt sensationell festhielt.<\/div>\n<div>Zusammenfassend muss man sagen, dass das mal wieder eine der schlechteren Leistung der DJK war und gegen so einen Gegner eigentlich 3 Punkte Pflicht sind!<\/div>\n<p><div><em>Kader:<\/em><\/div>\n<div>1.Berberich S\u00a0 2. Sauer H\u00a0 3. Wagner L (C)4. Herzog C. \u00a05. Klemm M.\u00a0 6. Wagner C. \u00a07. Wagner M.\u00a0\u00a0\u00a08. K\u00f6nig Tobias\u00a0 9. W\u00e4chtler P 10. Maier\u00a0\u00a0\u00a011. Debus T 12. Diel M\u00a0 13. Baumann M 14. Turhan H.<\/div>\n<p><div>N\u00e4chsten Sonntag empfangen die Wenigh\u00f6sbacher den SV K\u00f6nigshofen in den heimischen Bornwiesen. Da am Sonntag der 1.Advent ist, gibt es im Sportheim neben den anderen gewohnten K\u00f6stlichkeiten auch Gl\u00fchwein<\/div>\n<div><\/div>\n","protected":false},"excerpt":{"rendered":"<p>Wenigh\u00f6sbach: Eichenberg\u00a0\u00a0 2:3 Am 03.11.2013 musste die 1. Mannschaft eine bittere Niederlage gegen die \u201eAH-Truppe\u201c aus Eichenberg einstecken. Die G\u00e4ste standen vor allem in der Abwehr, auf dem schmalen Hartplatz, sehr sicher und nutzten die L\u00fccken der Wenigh\u00f6sbacher Abwehr eiskalt aus. Tobias Debus konnte die DJK zwar in der 1min mit seinem Tor in F\u00fchrung [&hellip;]<\/p>\n","protected":false},"author":1,"featured_media":0,"comment_status":"open","ping_status":"open","sticky":false,"template":"","format":"standard","meta":{"jetpack_post_was_ever_published":false,"_jetpack_newsletter_access":"","_jetpack_dont_email_post_to_subs":false,"_jetpack_newsletter_tier_id":0,"_jetpack_memberships_contains_paywalled_content":false,"footnotes":"","_jetpack_memberships_contains_paid_content":false,"jetpack_publicize_message":"","jetpack_publicize_feature_enabled":true,"jetpack_social_post_already_shared":false,"jetpack_social_options":{"image_generator_settings":{"template":"highway","enabled":false},"version":2}},"categories":[5],"tags":[],"jetpack_publicize_connections":[],"jetpack_featured_media_url":"","jetpack_sharing_enabled":true,"jetpack_shortlink":"https:\/\/wp.me\/p6OzWC-BS","jetpack-related-posts":[],"jetpack_likes_enabled":true,"_links":{"self":[{"href":"https:\/\/www.djk-wenighoesbach.de\/index.php?rest_route=\/wp\/v2\/posts\/2348"}],"collection":[{"href":"https:\/\/www.djk-wenighoesbach.de\/index.php?rest_route=\/wp\/v2\/posts"}],"about":[{"href":"https:\/\/www.djk-wenighoesbach.de\/index.php?rest_route=\/wp\/v2\/types\/post"}],"author":[{"embeddable":true,"href":"https:\/\/www.djk-wenighoesbach.de\/index.php?rest_route=\/wp\/v2\/users\/1"}],"replies":[{"embeddable":true,"href":"https:\/\/www.djk-wenighoesbach.de\/index.php?rest_route=%2Fwp%2Fv2%2Fcomments&post=2348"}],"version-history":[{"count":3,"href":"https:\/\/www.djk-wenighoesbach.de\/index.php?rest_route=\/wp\/v2\/posts\/2348\/revisions"}],"predecessor-version":[{"id":2351,"href":"https:\/\/www.djk-wenighoesbach.de\/index.php?rest_route=\/wp\/v2\/posts\/2348\/revisions\/2351"}],"wp:attachment":[{"href":"https:\/\/www.djk-wenighoesbach.de\/index.php?rest_route=%2Fwp%2Fv2%2Fmedia&parent=2348"}],"wp:term":[{"taxonomy":"category","embeddable":true,"href":"https:\/\/www.djk-wenighoesbach.de\/index.php?rest_route=%2Fwp%2Fv2%2Fcategories&post=2348"},{"taxonomy":"post_tag","embeddable":true,"href":"https:\/\/www.djk-wenighoesbach.de\/index.php?rest_route=%2Fwp%2Fv2%2Ftags&post=2348"}],"curies":[{"name":"wp","href":"https:\/\/api.w.org\/{rel}","templated":true}]}}