{"id":2346,"date":"2013-11-25T18:47:56","date_gmt":"2013-11-25T17:47:56","guid":{"rendered":"http:\/\/www.djk-wenighoesbach.de\/?p=2346"},"modified":"2013-11-25T18:47:56","modified_gmt":"2013-11-25T17:47:56","slug":"bericht-jahreshauptversammlung","status":"publish","type":"post","link":"https:\/\/www.djk-wenighoesbach.de\/?p=2346","title":{"rendered":"Bericht Jahreshauptversammlung"},"content":{"rendered":"<p>Auf der harmonisch verlaufenen Jahreshauptversammlung konnte 1. Vorsitzender Franz-Josef Sauer in seinem Jahresr\u00fcckblick von vielen Veranstaltungen berichten. Es wurden neben der Weihnachtsfeier, dem Waldweihnachtsmarkt und den Faschingsveranstaltungen noch das<\/p>\n<p>Jedermannturnier, Apresskiparty, Preisschafkopf \u00a0sowie Wei\u00dfwurstfr\u00fchst\u00fcck durchgef\u00fchrt.<\/p>\n<p>Absolutes Highlight war aber das Oktoberfest mit der pr\u00e4chtigen Stimmung.<\/p>\n<p>Die DJK, das sind aktuell 444 Mitglieder mit einem Frauenanteil von nahe 40%. 11 \u00dcbungsleiter bieten in 22 Abteilungen Sport f\u00fcr jedes Geschlecht und jede Altersgruppe an.<\/p>\n<p>Aus den Berichten der einzelnen Spartenleiter konnte man entnehmen, dass vom Sportangebot reichlich Gebrauch gemacht wird. Es berichteten Matthias Leuschner f\u00fcr die Jugendabteilung, Tobias K\u00f6nig f\u00fcr die Aktiven Fu\u00dfballer, Burkhard Freund f\u00fcr die Tischtennisabteilung, Rudi Wagner f\u00fcr den Middwuchsclub, Maria Hornung f\u00fcr die M\u00e4dchentanzgruppen und Sigrid Staab f\u00fcr die Gymnastikabteilung sowie Armin Wagner f\u00fcr die R\u00fcckenschule.<\/p>\n<p>Kassiererin Sigrid Staab konnte von geordneten Kassenverh\u00e4ltnissen des Vereines sprechen und Kassenpr\u00fcfer Edwin Bergmann bat daher um Entlastung der Vorstandschaft, welche von der Versammlung einstimmig gew\u00e4hrt wurde.<\/p>\n<p>&nbsp;<\/p>\n<p>Leider wurde im Fr\u00fchjahr der Rasenm\u00e4her der DJK entwendet und es musste daher ein neues Ger\u00e4t angeschafft werden. Hier hoffen wir auf Zusch\u00fcsse der Gemeinde und der Di\u00f6zese. \u00a0Die angesetzten Arbeitsdienste waren immer gut besucht, der Zusammenhalt innerhalb des Vereines stimmt also. Daf\u00fcr sprach Franz-Josef Sauer den Mitgliedern seinen Dank aus.<\/p>\n<p>&nbsp;<\/p>\n<p>Auf Dr\u00e4ngen des BLSV m\u00fcssen im kommenden Jahr leider die Beitr\u00e4ge angepasst werden. N\u00e4heres dazu in der kommenden Woche.<\/p>\n<p>&nbsp;<\/p>\n<p>Dass die DJK&#8217;ler derzeit keine allzu gro\u00dfen Sorgen dr\u00fccken, liegt nicht nur am Engagement der Vorstandschaft, der Ausschussmitglieder und der Abteilungsleiter. Dies beweist auch die Tatsache, dass unter dem Punkt \u201eW\u00fcnsche und Antr\u00e4ge\u201c es nur eine Wortmeldung gab.<\/p>\n<p>&nbsp;<\/p>\n<p>Mit dem Vereinslied \u201eGr\u00fcn und Wei\u00df\u201c wurde eine \u00e4u\u00dferst harmonische und zudem noch kurze Jahreshauptversammlung 2013 abgeschlossen. Im kommenden Jahr gibt es Neuwahlen.<\/p>\n<p>&nbsp;<\/p>\n<p>&nbsp;<\/p>\n<p>Voranzeige!<\/p>\n<p>Weihnachtsfeier Sonntag, 22.12.13<\/p>\n<p>&nbsp;<\/p>\n<p>&nbsp;<\/p>\n<p>bis 14 Jahre\u00a0\u00a0\u00a0\u00a0 18,00 \u20ac<\/p>\n<p>bis 18 Jahre\u00a0\u00a0\u00a0\u00a0 30,00 \u20ac (Sch\u00fcler, Studenten, Lehrlinge)<\/p>\n<p>aktive Mitglieder\u00a0\u00a0 50,00 \u20ac<\/p>\n<p>passive Mitglieder 43,00 \u20ac<\/p>\n<p>Rentner\u00a0\u00a0\u00a0 31,00 \u20ac<\/p>\n<p>Ehegatten 80,00 \u20ac<\/p>\n<p>Familien\u00a0\u00a0\u00a0 100,00 \u20ac<\/p>\n<p>Sonderbeitrag\u00a0 Turnen und Tanzen\u00a0 50,00 \u20ac<\/p>\n<p>&nbsp;<\/p>\n<p>&nbsp;<\/p>\n","protected":false},"excerpt":{"rendered":"<p>Auf der harmonisch verlaufenen Jahreshauptversammlung konnte 1. Vorsitzender Franz-Josef Sauer in seinem Jahresr\u00fcckblick von vielen Veranstaltungen berichten. Es wurden neben der Weihnachtsfeier, dem Waldweihnachtsmarkt und den Faschingsveranstaltungen noch das Jedermannturnier, Apresskiparty, Preisschafkopf \u00a0sowie Wei\u00dfwurstfr\u00fchst\u00fcck durchgef\u00fchrt. Absolutes Highlight war aber das Oktoberfest mit der pr\u00e4chtigen Stimmung. Die DJK, das sind aktuell 444 Mitglieder mit einem Frauenanteil [&hellip;]<\/p>\n","protected":false},"author":1,"featured_media":0,"comment_status":"open","ping_status":"open","sticky":false,"template":"","format":"standard","meta":{"jetpack_post_was_ever_published":false,"_jetpack_newsletter_access":"","_jetpack_dont_email_post_to_subs":false,"_jetpack_newsletter_tier_id":0,"_jetpack_memberships_contains_paywalled_content":false,"footnotes":"","_jetpack_memberships_contains_paid_content":false,"jetpack_publicize_message":"","jetpack_publicize_feature_enabled":true,"jetpack_social_post_already_shared":false,"jetpack_social_options":{"image_generator_settings":{"template":"highway","enabled":false},"version":2}},"categories":[4],"tags":[],"jetpack_publicize_connections":[],"jetpack_featured_media_url":"","jetpack_sharing_enabled":true,"jetpack_shortlink":"https:\/\/wp.me\/p6OzWC-BQ","jetpack-related-posts":[],"jetpack_likes_enabled":true,"_links":{"self":[{"href":"https:\/\/www.djk-wenighoesbach.de\/index.php?rest_route=\/wp\/v2\/posts\/2346"}],"collection":[{"href":"https:\/\/www.djk-wenighoesbach.de\/index.php?rest_route=\/wp\/v2\/posts"}],"about":[{"href":"https:\/\/www.djk-wenighoesbach.de\/index.php?rest_route=\/wp\/v2\/types\/post"}],"author":[{"embeddable":true,"href":"https:\/\/www.djk-wenighoesbach.de\/index.php?rest_route=\/wp\/v2\/users\/1"}],"replies":[{"embeddable":true,"href":"https:\/\/www.djk-wenighoesbach.de\/index.php?rest_route=%2Fwp%2Fv2%2Fcomments&post=2346"}],"version-history":[{"count":1,"href":"https:\/\/www.djk-wenighoesbach.de\/index.php?rest_route=\/wp\/v2\/posts\/2346\/revisions"}],"predecessor-version":[{"id":2347,"href":"https:\/\/www.djk-wenighoesbach.de\/index.php?rest_route=\/wp\/v2\/posts\/2346\/revisions\/2347"}],"wp:attachment":[{"href":"https:\/\/www.djk-wenighoesbach.de\/index.php?rest_route=%2Fwp%2Fv2%2Fmedia&parent=2346"}],"wp:term":[{"taxonomy":"category","embeddable":true,"href":"https:\/\/www.djk-wenighoesbach.de\/index.php?rest_route=%2Fwp%2Fv2%2Fcategories&post=2346"},{"taxonomy":"post_tag","embeddable":true,"href":"https:\/\/www.djk-wenighoesbach.de\/index.php?rest_route=%2Fwp%2Fv2%2Ftags&post=2346"}],"curies":[{"name":"wp","href":"https:\/\/api.w.org\/{rel}","templated":true}]}}