{"id":2318,"date":"2013-11-01T09:18:01","date_gmt":"2013-11-01T08:18:01","guid":{"rendered":"http:\/\/www.djk-wenighoesbach.de\/?p=2318"},"modified":"2013-11-01T10:42:24","modified_gmt":"2013-11-01T09:42:24","slug":"weiswurstfruhstuck","status":"publish","type":"post","link":"https:\/\/www.djk-wenighoesbach.de\/?p=2318","title":{"rendered":"Wei\u00dfwurstfr\u00fchst\u00fcck"},"content":{"rendered":"<p>Es ist wieder so weit!<\/p>\n<p>Das j\u00e4hrliche Wei\u00dfwurstfr\u00fchst\u00fcck findet<\/p>\n<p>dieses Jahr am 15. November statt.<\/p>\n<p>Bestellungen bis sp\u00e4testens 12.11. an:<\/p>\n<p>Markus Diel 0171\/9535105<\/p>\n<p>Thomas Debus 06021\/446235<\/p>\n<p>oder<\/p>\n<p>baumannmarcus@gmx.de<\/p>\n<p><a href=\"https:\/\/i0.wp.com\/www.djk-wenighoesbach.de\/wp-content\/uploads\/2013\/11\/image.jpg\" target=\"_blank\"><img loading=\"lazy\" decoding=\"async\" data-attachment-id=\"2319\" data-permalink=\"https:\/\/www.djk-wenighoesbach.de\/?attachment_id=2319\" data-orig-file=\"https:\/\/i0.wp.com\/www.djk-wenighoesbach.de\/wp-content\/uploads\/2013\/11\/image.jpg?fit=353%2C472&amp;ssl=1\" data-orig-size=\"353,472\" data-comments-opened=\"1\" data-image-meta=\"{&quot;aperture&quot;:&quot;0&quot;,&quot;credit&quot;:&quot;&quot;,&quot;camera&quot;:&quot;&quot;,&quot;caption&quot;:&quot;&quot;,&quot;created_timestamp&quot;:&quot;0&quot;,&quot;copyright&quot;:&quot;&quot;,&quot;focal_length&quot;:&quot;0&quot;,&quot;iso&quot;:&quot;0&quot;,&quot;shutter_speed&quot;:&quot;0&quot;,&quot;title&quot;:&quot;&quot;}\" data-image-title=\"image\" data-image-description=\"\" data-image-caption=\"\" data-medium-file=\"https:\/\/i0.wp.com\/www.djk-wenighoesbach.de\/wp-content\/uploads\/2013\/11\/image.jpg?fit=224%2C300&amp;ssl=1\" data-large-file=\"https:\/\/i0.wp.com\/www.djk-wenighoesbach.de\/wp-content\/uploads\/2013\/11\/image.jpg?fit=353%2C472&amp;ssl=1\" tabindex=\"0\" role=\"button\" class=\"alignleft size-medium wp-image-2319\" alt=\"image\" src=\"https:\/\/i0.wp.com\/www.djk-wenighoesbach.de\/wp-content\/uploads\/2013\/11\/image.jpg?resize=224%2C300\" width=\"224\" height=\"300\" srcset=\"https:\/\/i0.wp.com\/www.djk-wenighoesbach.de\/wp-content\/uploads\/2013\/11\/image.jpg?resize=224%2C300&amp;ssl=1 224w, https:\/\/i0.wp.com\/www.djk-wenighoesbach.de\/wp-content\/uploads\/2013\/11\/image.jpg?w=353&amp;ssl=1 353w\" sizes=\"(max-width: 224px) 100vw, 224px\" data-recalc-dims=\"1\" \/><\/a><\/p>\n<p>&nbsp;<\/p>\n","protected":false},"excerpt":{"rendered":"<p>Es ist wieder so weit! Das j\u00e4hrliche Wei\u00dfwurstfr\u00fchst\u00fcck findet dieses Jahr am 15. November statt. Bestellungen bis sp\u00e4testens 12.11. an: Markus Diel 0171\/9535105 Thomas Debus 06021\/446235 oder baumannmarcus@gmx.de &nbsp;<\/p>\n","protected":false},"author":1,"featured_media":0,"comment_status":"open","ping_status":"open","sticky":false,"template":"","format":"standard","meta":{"jetpack_post_was_ever_published":false,"_jetpack_newsletter_access":"","_jetpack_dont_email_post_to_subs":false,"_jetpack_newsletter_tier_id":0,"_jetpack_memberships_contains_paywalled_content":false,"footnotes":"","_jetpack_memberships_contains_paid_content":false,"jetpack_publicize_message":"","jetpack_publicize_feature_enabled":true,"jetpack_social_post_already_shared":false,"jetpack_social_options":{"image_generator_settings":{"template":"highway","enabled":false},"version":2}},"categories":[3],"tags":[],"jetpack_publicize_connections":[],"jetpack_featured_media_url":"","jetpack_sharing_enabled":true,"jetpack_shortlink":"https:\/\/wp.me\/p6OzWC-Bo","jetpack-related-posts":[],"jetpack_likes_enabled":true,"_links":{"self":[{"href":"https:\/\/www.djk-wenighoesbach.de\/index.php?rest_route=\/wp\/v2\/posts\/2318"}],"collection":[{"href":"https:\/\/www.djk-wenighoesbach.de\/index.php?rest_route=\/wp\/v2\/posts"}],"about":[{"href":"https:\/\/www.djk-wenighoesbach.de\/index.php?rest_route=\/wp\/v2\/types\/post"}],"author":[{"embeddable":true,"href":"https:\/\/www.djk-wenighoesbach.de\/index.php?rest_route=\/wp\/v2\/users\/1"}],"replies":[{"embeddable":true,"href":"https:\/\/www.djk-wenighoesbach.de\/index.php?rest_route=%2Fwp%2Fv2%2Fcomments&post=2318"}],"version-history":[{"count":5,"href":"https:\/\/www.djk-wenighoesbach.de\/index.php?rest_route=\/wp\/v2\/posts\/2318\/revisions"}],"predecessor-version":[{"id":2325,"href":"https:\/\/www.djk-wenighoesbach.de\/index.php?rest_route=\/wp\/v2\/posts\/2318\/revisions\/2325"}],"wp:attachment":[{"href":"https:\/\/www.djk-wenighoesbach.de\/index.php?rest_route=%2Fwp%2Fv2%2Fmedia&parent=2318"}],"wp:term":[{"taxonomy":"category","embeddable":true,"href":"https:\/\/www.djk-wenighoesbach.de\/index.php?rest_route=%2Fwp%2Fv2%2Fcategories&post=2318"},{"taxonomy":"post_tag","embeddable":true,"href":"https:\/\/www.djk-wenighoesbach.de\/index.php?rest_route=%2Fwp%2Fv2%2Ftags&post=2318"}],"curies":[{"name":"wp","href":"https:\/\/api.w.org\/{rel}","templated":true}]}}