{"id":208,"date":"2010-03-23T13:01:01","date_gmt":"2010-03-23T13:01:01","guid":{"rendered":"http:\/\/www.djk-wenighoesbach.de\/?p=208"},"modified":"2010-09-21T09:03:24","modified_gmt":"2010-09-21T09:03:24","slug":"neues-aus-der-jugendabteilung","status":"publish","type":"post","link":"https:\/\/www.djk-wenighoesbach.de\/?p=208","title":{"rendered":"Neues aus der Jugendabteilung"},"content":{"rendered":"<p>E1  (U11-1)  Junioren<br \/>\nFSV Michelbach \u2013 FCU\/DJK 6:5<br \/>\nTorsch\u00fctzen: Philipp Schell 2, Tim Kraus, Kevin Eckert und Hendrik Schunk je 1<br \/>\nVorschau:<br \/>\nSamstag 27.03 um 11.45:  FCU\/DJK \u2013 Bayern Alzenau<\/p>\n<p>E2  (U11-2)  Junioren<br \/>\nSV Blankenbach \u2013 FCU\/DJK 2:0<br \/>\nVorschau:<br \/>\nDonnerstag 25.03 um 17.15: FCU\/DJK \u2013 Viktoria Waldaschaff<br \/>\nSamstag 27.03 um 10.45: FCU\/DJK \u2013 Kickers Aschaffenburg<\/p>\n<p>D  ( U 13 ) Junioren<br \/>\nDJK\/FCU \u2013 TSV Mainaschaff  3 : 1<br \/>\nIn der ersten H\u00e4lfte merkte man den Spieler die lange Winterpause an denn auf beiden Seiten h\u00e4uften sich die Fehler. Durch ein Tor von Fabian L\u00fcckel nach Vorarbeit von Sebastian Meier gingen wir in F\u00fchrung. Vor der Pause konnte Mainaschaff durch ein klares Abseitstor jedoch ausgleichen. In der zweiten H\u00e4lfte lief unser Spiel besser und wir erarbeiteten uns einige Torchancen. Nach einem Solo von Sebastian Meier konnte Maximilian Ecke aus kurzer Distanz das 2 : 1 erzielen.<br \/>\nKurz vor Spielende versuchte ein Mainaschaffer Spieler, nach einer scharfen Hereingabe, vor dem einschussbereiten Leon Leuschner zu kl\u00e4ren, jedoch landete die Kugel erneut im Netz. Ein Lob an die ganze Mannschaft, besonders an Bastian Kneuer der die Abwehr zusammen hielt und im ganzen Spiel keinen Zweikampf verlor.<br \/>\nTorsch\u00fctzen: Fabian L\u00fcckel, Maximilian Ecke und ein Eigentor der Mainaschaffer.<\/p>\n<p>N\u00e4chstes Spiel am Samstag den 27.03.2010 um 12:45 Uhr in Strietwald. Abfahrt ist um 11:30 Uhr an der Milchk\u00fcche in Wenigh\u00f6sbach.<\/p>\n","protected":false},"excerpt":{"rendered":"<p>E1 (U11-1) Junioren FSV Michelbach \u2013 FCU\/DJK 6:5 Torsch\u00fctzen: Philipp Schell 2, Tim Kraus, Kevin Eckert und Hendrik Schunk je 1 Vorschau: Samstag 27.03 um 11.45: FCU\/DJK \u2013 Bayern Alzenau E2 (U11-2) Junioren SV Blankenbach \u2013 FCU\/DJK 2:0 Vorschau: Donnerstag 25.03 um 17.15: FCU\/DJK \u2013 Viktoria Waldaschaff Samstag 27.03 um 10.45: FCU\/DJK \u2013 Kickers Aschaffenburg [&hellip;]<\/p>\n","protected":false},"author":1,"featured_media":0,"comment_status":"closed","ping_status":"closed","sticky":false,"template":"","format":"standard","meta":{"jetpack_post_was_ever_published":false,"_jetpack_newsletter_access":"","_jetpack_dont_email_post_to_subs":false,"_jetpack_newsletter_tier_id":0,"_jetpack_memberships_contains_paywalled_content":false,"footnotes":"","_jetpack_memberships_contains_paid_content":false,"jetpack_publicize_message":"","jetpack_publicize_feature_enabled":true,"jetpack_social_post_already_shared":false,"jetpack_social_options":{"image_generator_settings":{"template":"highway","enabled":false},"version":2}},"categories":[5,8],"tags":[],"jetpack_publicize_connections":[],"jetpack_featured_media_url":"","jetpack_sharing_enabled":true,"jetpack_shortlink":"https:\/\/wp.me\/p6OzWC-3m","jetpack-related-posts":[],"jetpack_likes_enabled":true,"_links":{"self":[{"href":"https:\/\/www.djk-wenighoesbach.de\/index.php?rest_route=\/wp\/v2\/posts\/208"}],"collection":[{"href":"https:\/\/www.djk-wenighoesbach.de\/index.php?rest_route=\/wp\/v2\/posts"}],"about":[{"href":"https:\/\/www.djk-wenighoesbach.de\/index.php?rest_route=\/wp\/v2\/types\/post"}],"author":[{"embeddable":true,"href":"https:\/\/www.djk-wenighoesbach.de\/index.php?rest_route=\/wp\/v2\/users\/1"}],"replies":[{"embeddable":true,"href":"https:\/\/www.djk-wenighoesbach.de\/index.php?rest_route=%2Fwp%2Fv2%2Fcomments&post=208"}],"version-history":[{"count":1,"href":"https:\/\/www.djk-wenighoesbach.de\/index.php?rest_route=\/wp\/v2\/posts\/208\/revisions"}],"predecessor-version":[{"id":576,"href":"https:\/\/www.djk-wenighoesbach.de\/index.php?rest_route=\/wp\/v2\/posts\/208\/revisions\/576"}],"wp:attachment":[{"href":"https:\/\/www.djk-wenighoesbach.de\/index.php?rest_route=%2Fwp%2Fv2%2Fmedia&parent=208"}],"wp:term":[{"taxonomy":"category","embeddable":true,"href":"https:\/\/www.djk-wenighoesbach.de\/index.php?rest_route=%2Fwp%2Fv2%2Fcategories&post=208"},{"taxonomy":"post_tag","embeddable":true,"href":"https:\/\/www.djk-wenighoesbach.de\/index.php?rest_route=%2Fwp%2Fv2%2Ftags&post=208"}],"curies":[{"name":"wp","href":"https:\/\/api.w.org\/{rel}","templated":true}]}}