{"id":1582,"date":"2012-10-26T13:37:58","date_gmt":"2012-10-26T12:37:58","guid":{"rendered":"http:\/\/www.djk-wenighoesbach.de\/?p=1582"},"modified":"2012-10-27T14:36:57","modified_gmt":"2012-10-27T13:36:57","slug":"endlich-ist-es-wieder-soweit-fruhschoppen","status":"publish","type":"post","link":"https:\/\/www.djk-wenighoesbach.de\/?p=1582","title":{"rendered":"Endlich ist es wieder soweit!!!: Fr\u00fchschoppen"},"content":{"rendered":"<p>Am 16.11.2012 veranstaltet die DJK ein traditionelles Wei\u00dfwurstfr\u00fchst\u00fcck.<a href=\"http:\/\/www.djk-wenighoesbach.de\/wp-content\/uploads\/2012\/10\/Wei\u00dfwurstfr\u00fchst\u00fcck.bmp\"><img loading=\"lazy\" decoding=\"async\" data-attachment-id=\"1584\" data-permalink=\"https:\/\/www.djk-wenighoesbach.de\/?attachment_id=1584\" data-orig-file=\"https:\/\/www.djk-wenighoesbach.de\/wp-content\/uploads\/2012\/10\/Wei\u00dfwurstfr\u00fchst\u00fcck.bmp\" data-orig-size=\"\" data-comments-opened=\"1\" data-image-meta=\"[]\" data-image-title=\"Wei\u00dfwurstfr\u00fchst\u00fcck\" data-image-description=\"\" data-image-caption=\"\" data-medium-file=\"https:\/\/www.djk-wenighoesbach.de\/wp-content\/uploads\/2012\/10\/Wei\u00dfwurstfr\u00fchst\u00fcck.bmp\" data-large-file=\"https:\/\/www.djk-wenighoesbach.de\/wp-content\/uploads\/2012\/10\/Wei\u00dfwurstfr\u00fchst\u00fcck.bmp\" tabindex=\"0\" role=\"button\" class=\"alignright  wp-image-1584\" title=\"Wei\u00dfwurstfr\u00fchst\u00fcck\" src=\"http:\/\/www.djk-wenighoesbach.de\/wp-content\/uploads\/2012\/10\/Wei\u00dfwurstfr\u00fchst\u00fcck.bmp\" alt=\"\" width=\"220\" height=\"331\" \/><\/a><br \/>\nZu Wei\u00dfwurst und Wei\u00dfbier wird am Freitagmorgen ab 04:00 geladen.<\/p>\n<p>F\u00fcr die arbeitende Bev\u00f6lkerung steht selbstverst\u00e4ndlich<br \/>\nauch Kaffee und Kuchen oder ein Alkoholfreies bereit.<\/p>\n<p>Wer\u00a0 kann darf gerne l\u00e4nger bleiben und einen gem\u00fctlichen Fr\u00fchschoppen<br \/>\nbei einer gepflegten Runde Schafkopf genie\u00dfen.<\/p>\n<p>Bestellungen mit Uhrzeit und Anzahl sind bis sp\u00e4testens 13.11.2012<br \/>\nan eine der folgenden Personen abzugeben:<\/p>\n<p>&#8211; Thomas Debus: \u00a006021 446235<br \/>\n&#8211; Jens Schwarzrock: 0175 4125766<br \/>\n&#8211; Marcus Baumann: <a title=\"blocked::mailto:baumannmarcus@gmx.de\" href=\"mailto:baumannmarcus@gmx.de\">baumannmarcus@gmx.de<\/a><\/p>\n","protected":false},"excerpt":{"rendered":"<p>Am 16.11.2012 veranstaltet die DJK ein traditionelles Wei\u00dfwurstfr\u00fchst\u00fcck. Zu Wei\u00dfwurst und Wei\u00dfbier wird am Freitagmorgen ab 04:00 geladen. F\u00fcr die arbeitende Bev\u00f6lkerung steht selbstverst\u00e4ndlich auch Kaffee und Kuchen oder ein Alkoholfreies bereit. Wer\u00a0 kann darf gerne l\u00e4nger bleiben und einen gem\u00fctlichen Fr\u00fchschoppen bei einer gepflegten Runde Schafkopf genie\u00dfen. Bestellungen mit Uhrzeit und Anzahl sind bis [&hellip;]<\/p>\n","protected":false},"author":1,"featured_media":0,"comment_status":"open","ping_status":"open","sticky":false,"template":"","format":"standard","meta":{"jetpack_post_was_ever_published":false,"_jetpack_newsletter_access":"","_jetpack_dont_email_post_to_subs":false,"_jetpack_newsletter_tier_id":0,"_jetpack_memberships_contains_paywalled_content":false,"footnotes":"","_jetpack_memberships_contains_paid_content":false,"jetpack_publicize_message":"","jetpack_publicize_feature_enabled":true,"jetpack_social_post_already_shared":false,"jetpack_social_options":{"image_generator_settings":{"template":"highway","enabled":false},"version":2}},"categories":[3],"tags":[],"jetpack_publicize_connections":[],"jetpack_featured_media_url":"","jetpack_sharing_enabled":true,"jetpack_shortlink":"https:\/\/wp.me\/p6OzWC-pw","jetpack-related-posts":[],"jetpack_likes_enabled":true,"_links":{"self":[{"href":"https:\/\/www.djk-wenighoesbach.de\/index.php?rest_route=\/wp\/v2\/posts\/1582"}],"collection":[{"href":"https:\/\/www.djk-wenighoesbach.de\/index.php?rest_route=\/wp\/v2\/posts"}],"about":[{"href":"https:\/\/www.djk-wenighoesbach.de\/index.php?rest_route=\/wp\/v2\/types\/post"}],"author":[{"embeddable":true,"href":"https:\/\/www.djk-wenighoesbach.de\/index.php?rest_route=\/wp\/v2\/users\/1"}],"replies":[{"embeddable":true,"href":"https:\/\/www.djk-wenighoesbach.de\/index.php?rest_route=%2Fwp%2Fv2%2Fcomments&post=1582"}],"version-history":[{"count":5,"href":"https:\/\/www.djk-wenighoesbach.de\/index.php?rest_route=\/wp\/v2\/posts\/1582\/revisions"}],"predecessor-version":[{"id":1585,"href":"https:\/\/www.djk-wenighoesbach.de\/index.php?rest_route=\/wp\/v2\/posts\/1582\/revisions\/1585"}],"wp:attachment":[{"href":"https:\/\/www.djk-wenighoesbach.de\/index.php?rest_route=%2Fwp%2Fv2%2Fmedia&parent=1582"}],"wp:term":[{"taxonomy":"category","embeddable":true,"href":"https:\/\/www.djk-wenighoesbach.de\/index.php?rest_route=%2Fwp%2Fv2%2Fcategories&post=1582"},{"taxonomy":"post_tag","embeddable":true,"href":"https:\/\/www.djk-wenighoesbach.de\/index.php?rest_route=%2Fwp%2Fv2%2Ftags&post=1582"}],"curies":[{"name":"wp","href":"https:\/\/api.w.org\/{rel}","templated":true}]}}