{"id":1374,"date":"2012-08-06T12:26:20","date_gmt":"2012-08-06T11:26:20","guid":{"rendered":"http:\/\/www.djk-wenighoesbach.de\/?p=1374"},"modified":"2012-08-06T12:26:20","modified_gmt":"2012-08-06T11:26:20","slug":"50-jahr-feier-der-djk","status":"publish","type":"post","link":"https:\/\/www.djk-wenighoesbach.de\/?p=1374","title":{"rendered":"50-Jahr Feier der DJK"},"content":{"rendered":"<p>Im Festakt nach dem eindruckvollen Zeltgottesdienst gab 1. Vors. Franz-Josef Sauer einen<br \/>\nKurzen R\u00fcckblick auf 50 Jahre DJK Wenigh\u00f6sbach und lobte besonders das Engagement<br \/>\nDer Vereinsgr\u00fcnder. Die Mitgliederzahlen der DJK sind kontinuierlich auf jetzt \u00fcber 500<br \/>\nAngewachsen und das Angebot f\u00fcr die Mitglieder hat sich seit dem Gr\u00fcndungsjahr enorm ver\u00e4ndert.. Nach den Jahren des Aufbaus kamen die Jahre der Meisterschaften und Erfolge der Aktiven und Jugendmannschaften. Mit der Gr\u00fcndung einer Damengymnastikgruppe sowie der Tischtennisabteilung wurde die Wandlung vom ehemals reinen Fu\u00dfballverein zum breit aufgestellten Verein mit jetzt 7 Abteilungen vollzogen. Franz-Josef Sauer erw\u00e4hnte die umfangreichen Bauma\u00dfnahmen der DJK (Sportplatz- und Sportheimbau, Bau des Hartplatzes, diverse Anbauten an das Sportheim  sowie Hallenneubau) und dankte den Mitgliedern<br \/>\nF\u00fcr die Mithilfe bei all diesen Unternehmungen.<\/p>\n<p>W\u00e4hrend des Festfr\u00fchschoppens im festlich geschm\u00fcckten Zelt unter den Kl\u00e4ngen der Original Jochbachtalern wurden dann diverse Ehrungen verdienter Mitglieder vorgenommen.<\/p>\n<p>Das DJK-Ehrenzeichen in Gold f\u00fcr langj\u00e4hrigen pers\u00f6nlichen Einsatz und au\u00dfergew\u00f6hnliche Verdienste um die Ziele und Aufgaben der DJK erhielt 1. Vorst. Franz-Josef Sauer aus den H\u00e4nden von Karl Gr\u00fcn von DJK Di\u00f6zesanverband.<\/p>\n<p>Den Ehrenbrief des DJK Sportbundes Di\u00f6zesanverband W\u00fcrzburg f\u00fcr langj\u00e4hrigen pers\u00f6nlichen Einsatz und au\u00dfergew\u00f6hnliche Verdienste um die DJK bekamen Karl-Heinz Lippert und Berthold Stadtm\u00fcller.<\/p>\n<p>Au\u00dferdem wurde Karl-Heinz Lippert zum Ehrenmitglied der DJK ernannt. <\/p>\n<p>Das DJK Ehrenzeichen in Silber f\u00fcr langj\u00e4hrigen pers\u00f6nlichen Einsatz und wesentliche F\u00f6rderung der DJK ging an Albrecht Freund, Ingrid Sch\u00fc\u00dfler, Theo Schwarzrock, Robert Staab und Albin Wagner<\/p>\n<p>Das DJK Ehrenzeichen in Bronze f\u00fcr besondere Verdienste um die DJK erhielten Bergmann Edwin, Karlheinz Bischoff, Martin Freund,  Gerhard Hornung, Roland Maidhof, Paula Sauer, Burkard Sch\u00fc\u00dfler, Ursula Schwarzrock, Sigrid Staab, Armin und Rudi Wagner<\/p>\n<p>Matthias Leuschner erhielt vom Bayerischen Fu\u00dfballverband das Verbandsehrenzeichen in Silber f\u00fcr Jugendtrainer bzw. Leiter .<\/p>\n<p>Au\u00dferdem zeichnete die DJK Wenigh\u00f6sbach drei Spieler jeweils f\u00fcr eine langj\u00e4hrige Fu\u00dfballerlaufbahn aus. : Marco Lebert f\u00fcr 300 Spiele, Thomas Wagner f\u00fcr 400 Spiele und Peter Sauer f\u00fcr 500 Spiele.<\/p>\n<p>Unser Verein, die DJK Wenigh\u00f6sbach wurde vom Di\u00f6zesanverband W\u00fcrzburg f\u00fcr 50-j\u00e4hriges Bestehen mit einem Ehrenband und einer Ehrenurkunde geehrt. Vom DFB bekommt die DJK die DFB-Ehrenplakette f\u00fcr 50 Jahre Fu\u00dfballverein und vom Bayer. Fu\u00dfballverband eine Ehrenurkunde.<\/p>\n<p>Nach den Ehrungen hatten die zahlreichen Ehreng\u00e4ste Gelegenheit f\u00fcr Gru\u00dfworte und Geschenke.  Es sprachen der Reihe nach: Landrat Dr. Ulrich Reuter und B\u00fcrgermeister Michael Baumann sowie  Uwe Westphal (DFB und BFV) und f\u00fcr den DJK Di\u00f6zesanverband Karl Gr\u00fcn<br \/>\nEs schlossen sich die Gratulationen der Vereine an: FC Unterafferbach (Erhard Burger), TSV Rottenberg (Hermann Pfeuffer), SpVgg H\u00f6sbach-Bhf. (Thorsten Kremer), Patenverein DJK Hain (Anja Kunkel) , DJK Aschaffenburg (Bernward Gruber) und f\u00fcr die Wenigh\u00f6sbacher Ortsvereine ( Martin Dorn.)<\/p>\n<p>In einer Bilderausstellung \u201eR\u00fcckblick auf 50 Jahre DJK\u201c fanden sich viele Festg\u00e4ste wieder und der Wandel der Zeit war auf den Fotos unschwer zu erkennen. <\/p>\n","protected":false},"excerpt":{"rendered":"<p>Im Festakt nach dem eindruckvollen Zeltgottesdienst gab 1. Vors. Franz-Josef Sauer einen Kurzen R\u00fcckblick auf 50 Jahre DJK Wenigh\u00f6sbach und lobte besonders das Engagement Der Vereinsgr\u00fcnder. Die Mitgliederzahlen der DJK sind kontinuierlich auf jetzt \u00fcber 500 Angewachsen und das Angebot f\u00fcr die Mitglieder hat sich seit dem Gr\u00fcndungsjahr enorm ver\u00e4ndert.. Nach den Jahren des Aufbaus [&hellip;]<\/p>\n","protected":false},"author":1,"featured_media":0,"comment_status":"open","ping_status":"open","sticky":false,"template":"","format":"standard","meta":{"jetpack_post_was_ever_published":false,"_jetpack_newsletter_access":"","_jetpack_dont_email_post_to_subs":false,"_jetpack_newsletter_tier_id":0,"_jetpack_memberships_contains_paywalled_content":false,"footnotes":"","_jetpack_memberships_contains_paid_content":false,"jetpack_publicize_message":"","jetpack_publicize_feature_enabled":true,"jetpack_social_post_already_shared":false,"jetpack_social_options":{"image_generator_settings":{"template":"highway","enabled":false},"version":2}},"categories":[3],"tags":[],"jetpack_publicize_connections":[],"jetpack_featured_media_url":"","jetpack_sharing_enabled":true,"jetpack_shortlink":"https:\/\/wp.me\/p6OzWC-ma","jetpack-related-posts":[],"jetpack_likes_enabled":true,"_links":{"self":[{"href":"https:\/\/www.djk-wenighoesbach.de\/index.php?rest_route=\/wp\/v2\/posts\/1374"}],"collection":[{"href":"https:\/\/www.djk-wenighoesbach.de\/index.php?rest_route=\/wp\/v2\/posts"}],"about":[{"href":"https:\/\/www.djk-wenighoesbach.de\/index.php?rest_route=\/wp\/v2\/types\/post"}],"author":[{"embeddable":true,"href":"https:\/\/www.djk-wenighoesbach.de\/index.php?rest_route=\/wp\/v2\/users\/1"}],"replies":[{"embeddable":true,"href":"https:\/\/www.djk-wenighoesbach.de\/index.php?rest_route=%2Fwp%2Fv2%2Fcomments&post=1374"}],"version-history":[{"count":1,"href":"https:\/\/www.djk-wenighoesbach.de\/index.php?rest_route=\/wp\/v2\/posts\/1374\/revisions"}],"predecessor-version":[{"id":1375,"href":"https:\/\/www.djk-wenighoesbach.de\/index.php?rest_route=\/wp\/v2\/posts\/1374\/revisions\/1375"}],"wp:attachment":[{"href":"https:\/\/www.djk-wenighoesbach.de\/index.php?rest_route=%2Fwp%2Fv2%2Fmedia&parent=1374"}],"wp:term":[{"taxonomy":"category","embeddable":true,"href":"https:\/\/www.djk-wenighoesbach.de\/index.php?rest_route=%2Fwp%2Fv2%2Fcategories&post=1374"},{"taxonomy":"post_tag","embeddable":true,"href":"https:\/\/www.djk-wenighoesbach.de\/index.php?rest_route=%2Fwp%2Fv2%2Ftags&post=1374"}],"curies":[{"name":"wp","href":"https:\/\/api.w.org\/{rel}","templated":true}]}}