{"id":1332,"date":"2012-04-17T09:25:37","date_gmt":"2012-04-17T08:25:37","guid":{"rendered":"http:\/\/www.djk-wenighoesbach.de\/?p=1332"},"modified":"2012-04-17T09:25:37","modified_gmt":"2012-04-17T08:25:37","slug":"fusball-news-7","status":"publish","type":"post","link":"https:\/\/www.djk-wenighoesbach.de\/?p=1332","title":{"rendered":"Fu\u00dfball-News"},"content":{"rendered":"<p><strong><span style=\"font-family: Times New Roman;\">DJK\u00a0 &#8211;\u00a0 DJK Kahl 2\u00a0 10:1 (6:0)<\/span><\/strong><\/p>\n<p><span style=\"font-family: Times New Roman;\">Ein Kantersieg gegen gar nicht mal so schlechte Kahler. Vor allem in den ersten 20 Minuten gelang\u00a0 unserer Mannschaft fast alles, die Kahler Hintermannschaft war gegen unsere schnelle Fl\u00fcgelzange Patrick Maidhof und Clemens Wagner \u00fcberfordert. Die klare 6:0-F\u00fchrung durch je zweimal Alex Schellenberg, und Holger Turhan sowie Thomas Debus und Patrick Maidhof entsprach durchaus dem Spielverlauf. Nach der Pause kamen die G\u00e4ste stark auf, vor allem ihr starkes Mittelfeld konnte in dieser Phase gl\u00e4nzen. Der Treffer zum 1:6 in der 47. Minute lie\u00df bei den G\u00e4sten Hoffnung auf \u201emehr\u201c aufkommen. Nachdem unsere Elf mehrere \u201eGlasklare\u201c vergeben hatte, konnte sie in den Schlussminuten durch je zweimal Angelo Di Cara und Clemens Wagner auf das zweistellige Endergebnis von 10:1 erh\u00f6hen. <\/span><\/p>\n<p><span style=\"font-family: Times New Roman;\">\u00a0<\/span><\/p>\n<p><strong><span style=\"font-family: Times New Roman;\">Das n\u00e4chste Spiel am Sonntag, 22.4., 13:00 Uhr:<\/span><\/strong><\/p>\n<p><strong><span style=\"font-family: Times New Roman;\">Viktoria Br\u00fccken 2\u00a0 &#8211;\u00a0 DJK<\/span><\/strong><\/p>\n<p><span style=\"font-family: Times New Roman;\">Die Br\u00fcckener sind hei\u00dfer Anw\u00e4rter auf einen der beiden ersten Pl\u00e4tze. Nachdem das Vorspiel v\u00f6llig \u00fcberraschend und unverdient f\u00fcr uns erst durch zwei G\u00e4stetore in den letzten Minuten mit 2:3 verloren ging, ist was gut zu machen. Trotz Kirchgang und Fr\u00fchschoppen sollte die Revanche gelingen.<\/span><\/p>\n","protected":false},"excerpt":{"rendered":"<p>DJK\u00a0 &#8211;\u00a0 DJK Kahl 2\u00a0 10:1 (6:0) Ein Kantersieg gegen gar nicht mal so schlechte Kahler. Vor allem in den ersten 20 Minuten gelang\u00a0 unserer Mannschaft fast alles, die Kahler Hintermannschaft war gegen unsere schnelle Fl\u00fcgelzange Patrick Maidhof und Clemens Wagner \u00fcberfordert. Die klare 6:0-F\u00fchrung durch je zweimal Alex Schellenberg, und Holger Turhan sowie Thomas [&hellip;]<\/p>\n","protected":false},"author":1,"featured_media":0,"comment_status":"open","ping_status":"open","sticky":false,"template":"","format":"standard","meta":{"jetpack_post_was_ever_published":false,"_jetpack_newsletter_access":"","_jetpack_dont_email_post_to_subs":false,"_jetpack_newsletter_tier_id":0,"_jetpack_memberships_contains_paywalled_content":false,"footnotes":"","_jetpack_memberships_contains_paid_content":false,"jetpack_publicize_message":"","jetpack_publicize_feature_enabled":true,"jetpack_social_post_already_shared":false,"jetpack_social_options":{"image_generator_settings":{"template":"highway","enabled":false},"version":2}},"categories":[5],"tags":[],"jetpack_publicize_connections":[],"jetpack_featured_media_url":"","jetpack_sharing_enabled":true,"jetpack_shortlink":"https:\/\/wp.me\/p6OzWC-lu","jetpack-related-posts":[],"jetpack_likes_enabled":true,"_links":{"self":[{"href":"https:\/\/www.djk-wenighoesbach.de\/index.php?rest_route=\/wp\/v2\/posts\/1332"}],"collection":[{"href":"https:\/\/www.djk-wenighoesbach.de\/index.php?rest_route=\/wp\/v2\/posts"}],"about":[{"href":"https:\/\/www.djk-wenighoesbach.de\/index.php?rest_route=\/wp\/v2\/types\/post"}],"author":[{"embeddable":true,"href":"https:\/\/www.djk-wenighoesbach.de\/index.php?rest_route=\/wp\/v2\/users\/1"}],"replies":[{"embeddable":true,"href":"https:\/\/www.djk-wenighoesbach.de\/index.php?rest_route=%2Fwp%2Fv2%2Fcomments&post=1332"}],"version-history":[{"count":2,"href":"https:\/\/www.djk-wenighoesbach.de\/index.php?rest_route=\/wp\/v2\/posts\/1332\/revisions"}],"predecessor-version":[{"id":1334,"href":"https:\/\/www.djk-wenighoesbach.de\/index.php?rest_route=\/wp\/v2\/posts\/1332\/revisions\/1334"}],"wp:attachment":[{"href":"https:\/\/www.djk-wenighoesbach.de\/index.php?rest_route=%2Fwp%2Fv2%2Fmedia&parent=1332"}],"wp:term":[{"taxonomy":"category","embeddable":true,"href":"https:\/\/www.djk-wenighoesbach.de\/index.php?rest_route=%2Fwp%2Fv2%2Fcategories&post=1332"},{"taxonomy":"post_tag","embeddable":true,"href":"https:\/\/www.djk-wenighoesbach.de\/index.php?rest_route=%2Fwp%2Fv2%2Ftags&post=1332"}],"curies":[{"name":"wp","href":"https:\/\/api.w.org\/{rel}","templated":true}]}}