{"id":1155,"date":"2011-10-26T10:23:25","date_gmt":"2011-10-26T10:23:25","guid":{"rendered":"http:\/\/www.djk-wenighoesbach.de\/?p=1155"},"modified":"2011-10-26T10:23:25","modified_gmt":"2011-10-26T10:23:25","slug":"spielbericht-und-vorschau-21","status":"publish","type":"post","link":"https:\/\/www.djk-wenighoesbach.de\/?p=1155","title":{"rendered":"Spielbericht und Vorschau"},"content":{"rendered":"<p><strong>DJK 1 \u00a0&#8211; \u00a0SV Mensenges\u00e4\u00df \u00a04:0 (2:0)<\/strong><br \/>\nUnsere Erste zeigte gegen die verst\u00e4rkte Zweite von Mensenges\u00e4\u00df mal<br \/>\nwieder eine, vor allem spielerisch ordentliche Leistung. Mit der<br \/>\nVerwertung sch\u00f6n heraus gespielter Torchancen haperte es jedoch. In der<br \/>\n18. Minute konnte endlich Spielertrainer Angelo Di Cara nach sch\u00f6ner<br \/>\nVorlage von Patrik Maidhof die l\u00e4ngst f\u00e4llige 1:0 F\u00fchrung erzielen.<br \/>\nArifaj Shukri kr\u00f6nte seine starke Leistung mit dem 2:0 in der 37.<br \/>\nMinute, gleichzeitig auch der Pausenstand. Auch in der zweiten<br \/>\nSpielh\u00e4lfte gab unsere Elf weiterhin den Ton an Nur der gute<br \/>\nG\u00e4stetorh\u00fcter und eigenes Unverm\u00f6gen hinderten unseren<br \/>\nStadionsprecher Christian Ritter am Torjubel. Zwei Torchancen der<br \/>\nMensenges\u00e4\u00dfer konnte unser Torwart Sven gl\u00e4nzend parieren. Erst der<br \/>\neingewechselte \u00a0Holger Turhan zeigte wie es geht. In der 79. lochte \u00a0er<br \/>\ngekonnt zum 3:0 ein und in der 84. Minute erzielte er nach Vorlage von<br \/>\nPeter Sauer den mehr als verdienten 4:0-Endstand.<\/p>\n<p>Die n\u00e4chsten Spiele am Sonntag, den 30.10.<br \/>\n13:00 Uhr: FC Oberafferbach 2 \u00a0&#8211; \u00a0DJK 1<br \/>\nDas Spiel bei unserem Ortsnachbarn wird bestimmt nicht einfach, zumal<br \/>\ndie Zweite des FC durch einen DJK-ler, Christian Herzog, verst\u00e4rkt wird<br \/>\nund *hei\u00df\u201c auf uns ist. Trotzdem sollte nix anderes als ein klarer<br \/>\nSieg heraus springen. Unser Saisonziel ist immer noch machbar.<\/p>\n<p><strong>R\u00fcckzug der Zweiten<\/strong>:<br \/>\nLaut Spielplan m\u00fcsste \u00a0die Zweite in Blankenbach antreten. In einer<br \/>\nSpielerversammlung wurde jedoch entschieden, dass auf Grund personeller<br \/>\nEngp\u00e4sse, die wohl auf Dauer nicht zu beheben sind, die zweite<br \/>\nMannschaft vom Spielbetrieb zur\u00fcck gezogen wird. Schade, aber nicht zu<br \/>\n\u00e4ndern.<\/p>\n<p><a title=\"Fotos\" href=\"http:\/\/www.facebook.com\/media\/set\/?set=a.165820876845799.39385.117852474975973&amp;type=3&amp;l=5a2ce8ece3\" target=\"_blank\">Fotos gibts hier&#8230;<\/a><\/p>\n","protected":false},"excerpt":{"rendered":"<p>DJK 1 \u00a0&#8211; \u00a0SV Mensenges\u00e4\u00df \u00a04:0 (2:0) Unsere Erste zeigte gegen die verst\u00e4rkte Zweite von Mensenges\u00e4\u00df mal wieder eine, vor allem spielerisch ordentliche Leistung. Mit der Verwertung sch\u00f6n heraus gespielter Torchancen haperte es jedoch. In der 18. Minute konnte endlich Spielertrainer Angelo Di Cara nach sch\u00f6ner Vorlage von Patrik Maidhof die l\u00e4ngst f\u00e4llige 1:0 F\u00fchrung [&hellip;]<\/p>\n","protected":false},"author":1,"featured_media":0,"comment_status":"open","ping_status":"open","sticky":false,"template":"","format":"standard","meta":{"jetpack_post_was_ever_published":false,"_jetpack_newsletter_access":"","_jetpack_dont_email_post_to_subs":false,"_jetpack_newsletter_tier_id":0,"_jetpack_memberships_contains_paywalled_content":false,"footnotes":"","_jetpack_memberships_contains_paid_content":false,"jetpack_publicize_message":"","jetpack_publicize_feature_enabled":true,"jetpack_social_post_already_shared":false,"jetpack_social_options":{"image_generator_settings":{"template":"highway","enabled":false},"version":2}},"categories":[5,7],"tags":[],"jetpack_publicize_connections":[],"jetpack_featured_media_url":"","jetpack_sharing_enabled":true,"jetpack_shortlink":"https:\/\/wp.me\/p6OzWC-iD","jetpack-related-posts":[],"jetpack_likes_enabled":true,"_links":{"self":[{"href":"https:\/\/www.djk-wenighoesbach.de\/index.php?rest_route=\/wp\/v2\/posts\/1155"}],"collection":[{"href":"https:\/\/www.djk-wenighoesbach.de\/index.php?rest_route=\/wp\/v2\/posts"}],"about":[{"href":"https:\/\/www.djk-wenighoesbach.de\/index.php?rest_route=\/wp\/v2\/types\/post"}],"author":[{"embeddable":true,"href":"https:\/\/www.djk-wenighoesbach.de\/index.php?rest_route=\/wp\/v2\/users\/1"}],"replies":[{"embeddable":true,"href":"https:\/\/www.djk-wenighoesbach.de\/index.php?rest_route=%2Fwp%2Fv2%2Fcomments&post=1155"}],"version-history":[{"count":2,"href":"https:\/\/www.djk-wenighoesbach.de\/index.php?rest_route=\/wp\/v2\/posts\/1155\/revisions"}],"predecessor-version":[{"id":1157,"href":"https:\/\/www.djk-wenighoesbach.de\/index.php?rest_route=\/wp\/v2\/posts\/1155\/revisions\/1157"}],"wp:attachment":[{"href":"https:\/\/www.djk-wenighoesbach.de\/index.php?rest_route=%2Fwp%2Fv2%2Fmedia&parent=1155"}],"wp:term":[{"taxonomy":"category","embeddable":true,"href":"https:\/\/www.djk-wenighoesbach.de\/index.php?rest_route=%2Fwp%2Fv2%2Fcategories&post=1155"},{"taxonomy":"post_tag","embeddable":true,"href":"https:\/\/www.djk-wenighoesbach.de\/index.php?rest_route=%2Fwp%2Fv2%2Ftags&post=1155"}],"curies":[{"name":"wp","href":"https:\/\/api.w.org\/{rel}","templated":true}]}}