{"id":1130,"date":"2011-09-26T15:19:15","date_gmt":"2011-09-26T15:19:15","guid":{"rendered":"http:\/\/www.djk-wenighoesbach.de\/?p=1130"},"modified":"2011-09-26T15:19:15","modified_gmt":"2011-09-26T15:19:15","slug":"jugendabteilung-9","status":"publish","type":"post","link":"https:\/\/www.djk-wenighoesbach.de\/?p=1130","title":{"rendered":"Jugendabteilung"},"content":{"rendered":"<p><strong>B Jugend  ( U17 ) DJK \/ FCU \/ TVB<\/strong><br \/>\n<em>SV Wiesen \u2013 SG DJK Wenigh\u00f6sbach  4 : 1<\/em><br \/>\nDer Sieg f\u00fcr Wiesen geht insgesamt in Ordnung, fiel jedoch 2 Tore zu hoch aus.<br \/>\nTrotzt gro\u00dfem Einsatz unserer Jungs konnten wir die Niederlage nicht verhindern. Torsch\u00fctze: Paul Klemm <\/p>\n<p><em>Alemannia Haibach\t &#8211; SG Wenigh\u00f6sbach  2 : 0\t<\/em><br \/>\nNach einem anscheinend \u201estrapazi\u00f6sen Oktoberfestabend\u201c zeigte unsere U17<br \/>\nam Morgen danach eine unausgeschlafene Leistung.<br \/>\nLediglich Torwart Dennis Sauer zeigte sich hellwach und war mehrmals zur Stelle.<br \/>\nAm kommenden Sonntag ist beim FC S\u00fcdring um 10.30 Uhr Wiedergutmachung angesagt!<\/p>\n<p><strong>C Jugend (U15 ) DJK \/ FCU<\/strong><br \/>\n<em>DJK Aschaffenburg \u2013 SG DJK\/FCU  0 : 4<\/em><br \/>\nIn der ersten Halbzeit leisteten wir uns viele Abspielfehler und hatten im Abschluss kein Gl\u00fcck. Dennoch gingen wir vor der Pause durch Sebastian Meier mit 0 : 1 in F\u00fchrung. In der zweiten H\u00e4lfte lief es dann besser. Bastian Kneuer erzielte mit einem direkt verwandelten Freistoss in den Winkel das 0 : 2. Leon Leuschner erh\u00f6hte mit einem tollen Heber auf  0 : 3, ehe Seabstian Meier mit seinem zweiten Treffer den Endstand zum 0 : 4 herstellte. Bei etwas mehr Konzentration h\u00e4tte der Sieg h\u00f6her ausfallen k\u00f6nnen. Eine besonders starke Leistung zeigte Linda Leuschner.<\/p>\n<p><em>JFG Hochspessart \u2013 DJK\/FCU  5 : 0<\/em><br \/>\nLeider hatten wir gegen die schnellen Spieler der JFG keine Chance. Hier machte sich auch der Trainingsr\u00fcckstand einiger Spieler bemerkbar. Die H\u00e4lfte unserer Mannschaft spielte zudem unter Ihren M\u00f6glichkeiten. Hinzu kam auch noch das zwei wichtige Spieler kurzfristig absagen mussten. Es kann nur noch besser werden.<br \/>\nVorschau: Heimspiel am Freitag den 07.10.11 um 17:30 Uhr gegen JFG Maingau. Treffpunkt ist um 16:30 Uhr am Sportplatz. <\/p>\n<p><strong>D Jugend (U13) DJK\/FCU<\/strong><br \/>\n<em>SG Sommerkahl \u2013 SG DJK\/FCU  1 : 5<\/em><br \/>\nZum Rundenstart trafen wir in Sommerkahl auf einen motivierten Gegner. Jeweils zu Beginn der beiden Spielh\u00e4lften agierten wir etwas orientierungslos und spielten erst jeweils ab Mitte der Spielh\u00e4lften guten Fu\u00dfball. In der 10. Minute erziele Phillip Schell den F\u00fchrungstreffer. Durch bessere Chancenauswertung h\u00e4tte es zur Halbzeit schon 4:0 stehen k\u00f6nnen. So wurden mit einem kargen 1:0 die Seiten gewechselt. Die Fehler in der Defensive konnte unsere Torwart Louis Pfeifer entsch\u00e4rfen. Zu Beginn der zweiten H\u00e4lfte dauerte es lange, bis wir unsere Ordnung fanden und so mussten wir in der 40. Minute den Ausgleich der Gastgeber hinnehmen. In einer starken Phase zwischen der 43. und 49. Spielminute erzielten wir 4 Treffer. Somit kann sich das Ergebnis mit 5:1 sehen lassen.<br \/>\nTorsch\u00fctzen: Phillip Schell 3 Tore, Christopher Staab und Simon Heeg je 1 Tor<\/p>\n<p><em>FCU\/DJK \u2013 Westerngrund  5 : 1<\/em><br \/>\nBeim ersten Heimspiel der D-Junioren konnten wir den Zuschauern \u00fcber weite Strecken guten Fu\u00dfball zeigen und einen 5:1 Sieg gegen Westerngrund verbuchen. Nach etwas nerv\u00f6sem Start kamen die G\u00e4ste zu Beginn mit ihrem Offensiv-Spiel mehrmals gef\u00e4hrlich vor unser Tor, konnten aber ihre Chancen nicht verwerten oder scheiterten an unserem Torwart. Simon Heeg gelang in der 10.min der F\u00fchrungstreffer und konnte 3 min. sp\u00e4ter mit einem Strafsto\u00df auf 2:0 erh\u00f6hen. In der Nachspielzeit der 1. H\u00e4lfte gelang den G\u00e4sten der Anschlusstreffer. Gleich zu Beginn der 2. Halbzeit machten wir ordentlich Druck nach vorne. Der pfeilschnelle Phillip Schell wurde von seinen Mitspielern immer wieder gut angespielt. So konnte er mit einem lupenreinen Hattrick innerhalb von 10 min. (34.,39.,44.) die F\u00fchrung auf 5:1 ausbauen. Da der Gegner seine weiteren Chancen auslie\u00df, war das auch der Endstand. Torsch\u00fctzen: Simon Heeg 2, Phillip Schell 3 Tore.<\/p>\n<p><strong>E-Jugend DJK\/FCU<\/strong><br \/>\n<em>FCU\/DJK \u2013\u00a0 SV Geiselbach\u00a0 3 : 5<\/em><br \/>\nIm ersten Spiel der neuen Saison verloren wir sehr ungl\u00fccklich. In der 1. Halbzeit war es ein ausgeglichenes Spiel, doch\u00a0 der Gegner machte die Tore und es stand pl\u00f6tzlich 0:3. In der 2. Halbzeit zeigte unsere Mannschaft was sie wirklich kann.<br \/>\nSie entwickelte ein regelrechtes Powerplay, erspielte sich jede Menge Torchancen und erzielte verdient das 3:3. Leider vergaben wir noch viele gute Torm\u00f6glichkeiten und trafen au\u00dferdem noch mehrfach das Aluminium. V\u00f6llig \u00fcberraschend gelang es den Geiselbachern kurz vor Schluss durch zwei Konter noch 5 : 3 zu gewinnen. Eigentlich waren wir die bessere Mannschaft und hatten den Sieg verdient. Kopf hoch Jungs. Torsch\u00fctzen: Pascal Hoffart 2, Nils Wursche 1 Tor.<\/p>\n<p><em>FC M\u00f6mbris\u00a0 &#8211;\u00a0 FCU\/DJK\u00a0 6 : 0<\/em><br \/>\nStark ersatzgeschw\u00e4cht hatten wir gegen einen k\u00f6rperlich \u00fcberlegenen Gegner keine Chance. Unser Torwart Pascal Hoffart, normalerweise Feldspieler, verhinderte<br \/>\nmit tollen Paraden eine noch h\u00f6here Niederlage, allerdings h\u00e4tten wir auch einige Tore schie\u00dfen m\u00fcssen.<\/p>\n","protected":false},"excerpt":{"rendered":"<p>B Jugend ( U17 ) DJK \/ FCU \/ TVB SV Wiesen \u2013 SG DJK Wenigh\u00f6sbach 4 : 1 Der Sieg f\u00fcr Wiesen geht insgesamt in Ordnung, fiel jedoch 2 Tore zu hoch aus. Trotzt gro\u00dfem Einsatz unserer Jungs konnten wir die Niederlage nicht verhindern. Torsch\u00fctze: Paul Klemm Alemannia Haibach &#8211; SG Wenigh\u00f6sbach 2 : [&hellip;]<\/p>\n","protected":false},"author":1,"featured_media":0,"comment_status":"open","ping_status":"open","sticky":false,"template":"","format":"standard","meta":{"jetpack_post_was_ever_published":false,"_jetpack_newsletter_access":"","_jetpack_dont_email_post_to_subs":false,"_jetpack_newsletter_tier_id":0,"_jetpack_memberships_contains_paywalled_content":false,"footnotes":"","_jetpack_memberships_contains_paid_content":false,"jetpack_publicize_message":"","jetpack_publicize_feature_enabled":true,"jetpack_social_post_already_shared":false,"jetpack_social_options":{"image_generator_settings":{"template":"highway","enabled":false},"version":2}},"categories":[5,8],"tags":[],"jetpack_publicize_connections":[],"jetpack_featured_media_url":"","jetpack_sharing_enabled":true,"jetpack_shortlink":"https:\/\/wp.me\/p6OzWC-ie","jetpack-related-posts":[],"jetpack_likes_enabled":true,"_links":{"self":[{"href":"https:\/\/www.djk-wenighoesbach.de\/index.php?rest_route=\/wp\/v2\/posts\/1130"}],"collection":[{"href":"https:\/\/www.djk-wenighoesbach.de\/index.php?rest_route=\/wp\/v2\/posts"}],"about":[{"href":"https:\/\/www.djk-wenighoesbach.de\/index.php?rest_route=\/wp\/v2\/types\/post"}],"author":[{"embeddable":true,"href":"https:\/\/www.djk-wenighoesbach.de\/index.php?rest_route=\/wp\/v2\/users\/1"}],"replies":[{"embeddable":true,"href":"https:\/\/www.djk-wenighoesbach.de\/index.php?rest_route=%2Fwp%2Fv2%2Fcomments&post=1130"}],"version-history":[{"count":1,"href":"https:\/\/www.djk-wenighoesbach.de\/index.php?rest_route=\/wp\/v2\/posts\/1130\/revisions"}],"predecessor-version":[{"id":1131,"href":"https:\/\/www.djk-wenighoesbach.de\/index.php?rest_route=\/wp\/v2\/posts\/1130\/revisions\/1131"}],"wp:attachment":[{"href":"https:\/\/www.djk-wenighoesbach.de\/index.php?rest_route=%2Fwp%2Fv2%2Fmedia&parent=1130"}],"wp:term":[{"taxonomy":"category","embeddable":true,"href":"https:\/\/www.djk-wenighoesbach.de\/index.php?rest_route=%2Fwp%2Fv2%2Fcategories&post=1130"},{"taxonomy":"post_tag","embeddable":true,"href":"https:\/\/www.djk-wenighoesbach.de\/index.php?rest_route=%2Fwp%2Fv2%2Ftags&post=1130"}],"curies":[{"name":"wp","href":"https:\/\/api.w.org\/{rel}","templated":true}]}}