{"id":1059,"date":"2011-07-26T08:28:05","date_gmt":"2011-07-26T08:28:05","guid":{"rendered":"http:\/\/www.djk-wenighoesbach.de\/?p=1059"},"modified":"2011-07-26T08:28:05","modified_gmt":"2011-07-26T08:28:05","slug":"neues-aus-der-jugend-2","status":"publish","type":"post","link":"https:\/\/www.djk-wenighoesbach.de\/?p=1059","title":{"rendered":"Neues aus der Jugend"},"content":{"rendered":"<p><strong>D Jugend<\/strong><\/p>\n<p>Das Beste kommt zum Schluss.<br \/>\nToller 2. Platz beim Turnier der JSG Feldkahl\/Rottenberg<br \/>\nSchon in der Vorrunde zeigte sich, dass unsere Truppe gut drauf ist. Keines der vier Spiele wurde verloren. Mit zwei Siegen und zwei Unentschieden zogen wir als Gruppensieger ins Finale ein. Dort trafen wir auf die h\u00f6herklassig spielenden Jungs von Bayern Alzenau. Wer dachte dies w\u00fcrde f\u00fcr die Alzenauer ein Spaziergang, der hatte sich geh\u00f6rig get\u00e4uscht. Unsere Jungs machten ihr bestes Spiel in diesem Jahr.<br \/>\nDie Abwehr stand wie eine Wand, den Rest erledigte unser Torwart Moritz Metzner.<br \/>\nHinzu kamen, ein schnell spielendes Mittelfeld und ein St\u00fcrmer der ohne Pause die gegnerische Abwehr besch\u00e4ftigte. Leider mussten wir uns am Ende dennoch mit<br \/>\n0 : 1 geschlagen geben. Der Sieg f\u00fcr Alzenau war gl\u00fccklich, jedoch anhand der Chancenverteilung nicht ganz unverdient. Vielen Dank an alle Spieler, ihr habt an diesem Tag die Zuschauer und Euere Trainer begeistert.<br \/>\nDJK\/FCU \u2013 Westerngrund  2 : 1<br \/>\nDJK\/FCU &#8211;  H\u00f6sbach Bahnhof I   0 : 0<br \/>\nDJK\/FCU \u2013 Sailauf I    0 : 0<br \/>\nDJK\/FCU \u2013 Wasserlos  2 : 1<br \/>\nFinale: DJK\/FCU \u2013 Bayern Alzenau  0 : 1<br \/>\nTorsch\u00fctzen: Philipp Schell 3 und Leon Leuschner 1 Tor<\/p>\n<p><strong>E 2 Jugend FCU\/DJK<\/strong><\/p>\n<p>Beim Turnier der JSG Feldkahl\/Rottenberg traten wir mit einer sehr jungen Mannschaft an. Mit einer durchwachsenen Leistung belegten wir den 10. Platz, allerdings war dieses Turnier \u00fcberwiegend mit E1 Mannschaften besetzt. Leider gelang es uns nicht ein Spiel ohne gro\u00dfe Fehler abzuliefern, so dass wir immer wieder eine bessere Platzierung verhinderten.<br \/>\nFCU\/DJK  &#8211;  Vfl Krombach  0:0<br \/>\nFCU\/DJK  &#8211;  SV Stockstadt  1:4<br \/>\nFCU\/DJK  &#8211;  Spvgg Heigenbr\u00fccken  0:3<br \/>\nFCU\/DJK  &#8211;  JSG Feldk.\/Rot. 1:2<br \/>\nSpiel um Platz 9. FCU\/DJK  &#8211;  FC M\u00f6mbris 3:5 n. Neunmeterschiessen<br \/>\nTorsch\u00fctzen: Jan Ahlswede 2, Marvin Roth 1<\/p>\n<p><strong>E 1 Jugend FCU\/DJK<\/strong><\/p>\n<p>5. Platz beim Turnier des FSV Feldkahl<br \/>\nEine ungewohnte Platzierung mussten unsere E 1 Junioren beim Turnier in Feldkahl hinnehmen. Mit schlechter Ordnung in der Defensive und zu bewegungslos agierten wir in den ersten beiden Gruppenspielen. Die Gegner verstanden es, diese Schw\u00e4chen auszunutzen und konnten gegen uns punkten. Wir fanden erst in den beiden letzten Gruppenspielen zur Normalform. Als Gruppen-Dritter blieb uns nur das Spiel um den Platz 5, welches wieder souver\u00e4n mit 9:0 gewonnen wurde. Simon Heeg konnte die Troph\u00e4e des besten Torsch\u00fctzen des Turniers mit nach Hause nehmen.<br \/>\nFCU &#8211; SV Sch\u00f6llkrippen 1:1<br \/>\nFCU \u2013 TV Aschaffenburg 1:2<br \/>\nFCU \u2013 FC M\u00f6mbris 3:0<br \/>\nFCU \u2013 JSG Feldkahl\/Rottenberg 5:0<br \/>\nSpiel um Platz 5: FCU \u2013 JSG Feldkahl\/Rottenberg II 9:0<br \/>\nTorsch\u00fctzen: Simon Heeg 8 , Kevin Eckert und Leon Vormwald je 4 , Marius Maier 2 und Paul Hornung 1 Tor<\/p>\n","protected":false},"excerpt":{"rendered":"<p>D Jugend Das Beste kommt zum Schluss. Toller 2. Platz beim Turnier der JSG Feldkahl\/Rottenberg Schon in der Vorrunde zeigte sich, dass unsere Truppe gut drauf ist. Keines der vier Spiele wurde verloren. Mit zwei Siegen und zwei Unentschieden zogen wir als Gruppensieger ins Finale ein. Dort trafen wir auf die h\u00f6herklassig spielenden Jungs von [&hellip;]<\/p>\n","protected":false},"author":1,"featured_media":0,"comment_status":"open","ping_status":"open","sticky":false,"template":"","format":"standard","meta":{"jetpack_post_was_ever_published":false,"_jetpack_newsletter_access":"","_jetpack_dont_email_post_to_subs":false,"_jetpack_newsletter_tier_id":0,"_jetpack_memberships_contains_paywalled_content":false,"footnotes":"","_jetpack_memberships_contains_paid_content":false,"jetpack_publicize_message":"","jetpack_publicize_feature_enabled":true,"jetpack_social_post_already_shared":false,"jetpack_social_options":{"image_generator_settings":{"template":"highway","enabled":false},"version":2}},"categories":[5,8],"tags":[],"jetpack_publicize_connections":[],"jetpack_featured_media_url":"","jetpack_sharing_enabled":true,"jetpack_shortlink":"https:\/\/wp.me\/p6OzWC-h5","jetpack-related-posts":[],"jetpack_likes_enabled":true,"_links":{"self":[{"href":"https:\/\/www.djk-wenighoesbach.de\/index.php?rest_route=\/wp\/v2\/posts\/1059"}],"collection":[{"href":"https:\/\/www.djk-wenighoesbach.de\/index.php?rest_route=\/wp\/v2\/posts"}],"about":[{"href":"https:\/\/www.djk-wenighoesbach.de\/index.php?rest_route=\/wp\/v2\/types\/post"}],"author":[{"embeddable":true,"href":"https:\/\/www.djk-wenighoesbach.de\/index.php?rest_route=\/wp\/v2\/users\/1"}],"replies":[{"embeddable":true,"href":"https:\/\/www.djk-wenighoesbach.de\/index.php?rest_route=%2Fwp%2Fv2%2Fcomments&post=1059"}],"version-history":[{"count":2,"href":"https:\/\/www.djk-wenighoesbach.de\/index.php?rest_route=\/wp\/v2\/posts\/1059\/revisions"}],"predecessor-version":[{"id":1061,"href":"https:\/\/www.djk-wenighoesbach.de\/index.php?rest_route=\/wp\/v2\/posts\/1059\/revisions\/1061"}],"wp:attachment":[{"href":"https:\/\/www.djk-wenighoesbach.de\/index.php?rest_route=%2Fwp%2Fv2%2Fmedia&parent=1059"}],"wp:term":[{"taxonomy":"category","embeddable":true,"href":"https:\/\/www.djk-wenighoesbach.de\/index.php?rest_route=%2Fwp%2Fv2%2Fcategories&post=1059"},{"taxonomy":"post_tag","embeddable":true,"href":"https:\/\/www.djk-wenighoesbach.de\/index.php?rest_route=%2Fwp%2Fv2%2Ftags&post=1059"}],"curies":[{"name":"wp","href":"https:\/\/api.w.org\/{rel}","templated":true}]}}